{"id":3785,"date":"2015-02-26T07:00:32","date_gmt":"2015-02-26T06:00:32","guid":{"rendered":"http:\/\/www.acupuntura-legorburu.com\/entrevista-de-radio-en-el-baul-de-los-recuerdos-radio-cunit-2\/"},"modified":"2017-05-15T12:31:10","modified_gmt":"2017-05-15T10:31:10","slug":"entrevista-de-radio-en-el-baul-de-los-recuerdos-radio-cunit","status":"publish","type":"post","link":"https:\/\/www.acupuntura-legorburu.com\/ca\/entrevista-de-radio-en-el-baul-de-los-recuerdos-radio-cunit\/","title":{"rendered":"Entrevista de radio en &#8220;El Ba\u00fal de los Recuerdos&#8221; &#8211; Radio Cunit"},"content":{"rendered":"<p style=\"text-align: justify;\">El pr\u00f3ximo <strong>s\u00e1bado d\u00eda 28 de febrero<\/strong> estar\u00e9 en el programa de radio <strong>&#8220;El Ba\u00fal de los Recuerdos&#8221;\u00a0<\/strong> dentro del espacio <strong>&#8220;La Ventana&#8221;,<\/strong> donde hablaremos sobre <strong>acupuntura.<\/strong><\/p>\n<p style=\"text-align: justify;\">Os esperamos de <strong>18 a 20 h<\/strong> en el <strong>107.0 fm<\/strong> y online <strong><a href=\"http:\/\/www.radiocunit.cat\/\" target=\"_blank\" rel=\"nofollow nofollow\">www.radiocunit.cat.<\/a><\/strong><\/p>\n<p style=\"text-align: justify;\">A qui\u00e9n le apetezca escuchar la radio el s\u00e1bado por la tarde ya sabe que dial sintonizar.<\/p>\n<p>&nbsp;<\/p>\n<p><img decoding=\"async\" class=\"size-full wp-image-3782 aligncenter\" src=\"http:\/\/www.acupuntura-legorburu.com\/wp-content\/uploads\/2015\/02\/Acupuntura_Legorburu_Radio_Cunit.jpg\" alt=\"Acupuntura_Legorburu_Radio_Cunit\" width=\"650\" height=\"158\" srcset=\"https:\/\/www.acupuntura-legorburu.com\/wp-content\/uploads\/2015\/02\/Acupuntura_Legorburu_Radio_Cunit-300x72.jpg 300w, https:\/\/www.acupuntura-legorburu.com\/wp-content\/uploads\/2015\/02\/Acupuntura_Legorburu_Radio_Cunit.jpg 650w\" sizes=\"(max-width: 650px) 100vw, 650px\" \/><\/p>\n<p>&nbsp;<\/p>\n<p>&nbsp;<\/p>\n","protected":false},"excerpt":{"rendered":"<p>El pr\u00f3ximo s\u00e1bado d\u00eda 28 de febrero estar\u00e9 en el programa de radio &#8220;El Ba\u00fal de los Recuerdos&#8221;\u00a0 dentro del espacio &#8220;La Ventana&#8221;, donde hablaremos sobre acupuntura. Os esperamos de 18 a 20 h en el 107.0 fm y [&#8230;]<\/p>\n","protected":false},"author":1,"featured_media":3734,"comment_status":"open","ping_status":"open","sticky":false,"template":"","format":"standard","meta":{"ngg_post_thumbnail":0,"_joinchat":[],"footnotes":""},"categories":[105],"tags":[],"class_list":["post-3785","post","type-post","status-publish","format-standard","has-post-thumbnail","hentry","category-entrevistas-radio-ca"],"yoast_head":"<!-- This site is optimized with the Yoast SEO plugin v27.0 - https:\/\/yoast.com\/product\/yoast-seo-wordpress\/ -->\n<title>Acupuntura Legorburu | Entrevista en El Ba\u00fal de los Recuerdos<\/title>\n<meta name=\"description\" content=\"El pr\u00f3ximo s\u00e1bado d\u00eda 28 de febrero estar\u00e9 en el programa de radio &quot;El Ba\u00fal de los Recuerdos&quot; dentro del espacio &quot;La Ventana&quot; donde hablar\u00e9 sobre acupuntura\" \/>\n<meta name=\"robots\" content=\"index, follow, max-snippet:-1, max-image-preview:large, max-video-preview:-1\" \/>\n<link rel=\"canonical\" href=\"https:\/\/www.acupuntura-legorburu.com\/ca\/entrevista-de-radio-en-el-baul-de-los-recuerdos-radio-cunit\/\" \/>\n<meta property=\"og:locale\" content=\"ca_ES\" \/>\n<meta property=\"og:type\" content=\"article\" \/>\n<meta property=\"og:title\" content=\"Acupuntura Legorburu | Entrevista en El Ba\u00fal de los Recuerdos\" \/>\n<meta property=\"og:description\" content=\"El pr\u00f3ximo s\u00e1bado d\u00eda 28 de febrero estar\u00e9 en el programa de radio &quot;El Ba\u00fal de los Recuerdos&quot; dentro del espacio &quot;La Ventana&quot; donde hablar\u00e9 sobre acupuntura\" \/>\n<meta property=\"og:url\" content=\"https:\/\/www.acupuntura-legorburu.com\/ca\/entrevista-de-radio-en-el-baul-de-los-recuerdos-radio-cunit\/\" \/>\n<meta property=\"article:publisher\" content=\"https:\/\/www.facebook.com\/pages\/Cl%c3%adnica-de-acupuntura-de-la-Dra-Margarita-Legorburu\/126630064083783?fref=ts\" \/>\n<meta property=\"article:published_time\" content=\"2015-02-26T06:00:32+00:00\" \/>\n<meta property=\"article:modified_time\" content=\"2017-05-15T10:31:10+00:00\" \/>\n<meta property=\"og:image\" content=\"https:\/\/www.acupuntura-legorburu.com\/wp-content\/uploads\/2015\/02\/Banner_Blog_Acupuntura_Legorburu_Marga_10.jpg\" \/>\n\t<meta property=\"og:image:width\" content=\"709\" \/>\n\t<meta property=\"og:image:height\" content=\"266\" \/>\n\t<meta property=\"og:image:type\" content=\"image\/jpeg\" \/>\n<meta name=\"author\" content=\"Margarita\" \/>\n<meta name=\"twitter:label1\" content=\"Escrit per\" \/>\n\t<meta name=\"twitter:data1\" content=\"Margarita\" \/>\n<script type=\"application\/ld+json\" class=\"yoast-schema-graph\">{\"@context\":\"https:\/\/schema.org\",\"@graph\":[{\"@type\":\"Article\",\"@id\":\"https:\/\/www.acupuntura-legorburu.com\/ca\/entrevista-de-radio-en-el-baul-de-los-recuerdos-radio-cunit\/#article\",\"isPartOf\":{\"@id\":\"https:\/\/www.acupuntura-legorburu.com\/ca\/entrevista-de-radio-en-el-baul-de-los-recuerdos-radio-cunit\/\"},\"author\":{\"name\":\"Margarita\",\"@id\":\"https:\/\/www.acupuntura-legorburu.com\/#\/schema\/person\/db67d90abebf1b218e3e1cd91b930eb0\"},\"headline\":\"Entrevista de radio en &#8220;El Ba\u00fal de los Recuerdos&#8221; &#8211; Radio Cunit\",\"datePublished\":\"2015-02-26T06:00:32+00:00\",\"dateModified\":\"2017-05-15T10:31:10+00:00\",\"mainEntityOfPage\":{\"@id\":\"https:\/\/www.acupuntura-legorburu.com\/ca\/entrevista-de-radio-en-el-baul-de-los-recuerdos-radio-cunit\/\"},\"wordCount\":78,\"commentCount\":0,\"image\":{\"@id\":\"https:\/\/www.acupuntura-legorburu.com\/ca\/entrevista-de-radio-en-el-baul-de-los-recuerdos-radio-cunit\/#primaryimage\"},\"thumbnailUrl\":\"https:\/\/www.acupuntura-legorburu.com\/wp-content\/uploads\/2015\/02\/Banner_Blog_Acupuntura_Legorburu_Marga_10.jpg\",\"articleSection\":[\"Entrevistas radio @ca\"],\"inLanguage\":\"ca\",\"potentialAction\":[{\"@type\":\"CommentAction\",\"name\":\"Comment\",\"target\":[\"https:\/\/www.acupuntura-legorburu.com\/ca\/entrevista-de-radio-en-el-baul-de-los-recuerdos-radio-cunit\/#respond\"]}]},{\"@type\":\"WebPage\",\"@id\":\"https:\/\/www.acupuntura-legorburu.com\/ca\/entrevista-de-radio-en-el-baul-de-los-recuerdos-radio-cunit\/\",\"url\":\"https:\/\/www.acupuntura-legorburu.com\/ca\/entrevista-de-radio-en-el-baul-de-los-recuerdos-radio-cunit\/\",\"name\":\"Acupuntura Legorburu | Entrevista en El Ba\u00fal de los Recuerdos\",\"isPartOf\":{\"@id\":\"https:\/\/www.acupuntura-legorburu.com\/#website\"},\"primaryImageOfPage\":{\"@id\":\"https:\/\/www.acupuntura-legorburu.com\/ca\/entrevista-de-radio-en-el-baul-de-los-recuerdos-radio-cunit\/#primaryimage\"},\"image\":{\"@id\":\"https:\/\/www.acupuntura-legorburu.com\/ca\/entrevista-de-radio-en-el-baul-de-los-recuerdos-radio-cunit\/#primaryimage\"},\"thumbnailUrl\":\"https:\/\/www.acupuntura-legorburu.com\/wp-content\/uploads\/2015\/02\/Banner_Blog_Acupuntura_Legorburu_Marga_10.jpg\",\"datePublished\":\"2015-02-26T06:00:32+00:00\",\"dateModified\":\"2017-05-15T10:31:10+00:00\",\"author\":{\"@id\":\"https:\/\/www.acupuntura-legorburu.com\/#\/schema\/person\/db67d90abebf1b218e3e1cd91b930eb0\"},\"description\":\"El pr\u00f3ximo s\u00e1bado d\u00eda 28 de febrero estar\u00e9 en el programa de radio \\\"El Ba\u00fal de los Recuerdos\\\" dentro del espacio \\\"La Ventana\\\" donde hablar\u00e9 sobre acupuntura\",\"breadcrumb\":{\"@id\":\"https:\/\/www.acupuntura-legorburu.com\/ca\/entrevista-de-radio-en-el-baul-de-los-recuerdos-radio-cunit\/#breadcrumb\"},\"inLanguage\":\"ca\",\"potentialAction\":[{\"@type\":\"ReadAction\",\"target\":[\"https:\/\/www.acupuntura-legorburu.com\/ca\/entrevista-de-radio-en-el-baul-de-los-recuerdos-radio-cunit\/\"]}]},{\"@type\":\"ImageObject\",\"inLanguage\":\"ca\",\"@id\":\"https:\/\/www.acupuntura-legorburu.com\/ca\/entrevista-de-radio-en-el-baul-de-los-recuerdos-radio-cunit\/#primaryimage\",\"url\":\"https:\/\/www.acupuntura-legorburu.com\/wp-content\/uploads\/2015\/02\/Banner_Blog_Acupuntura_Legorburu_Marga_10.jpg\",\"contentUrl\":\"https:\/\/www.acupuntura-legorburu.com\/wp-content\/uploads\/2015\/02\/Banner_Blog_Acupuntura_Legorburu_Marga_10.jpg\",\"width\":709,\"height\":266},{\"@type\":\"BreadcrumbList\",\"@id\":\"https:\/\/www.acupuntura-legorburu.com\/ca\/entrevista-de-radio-en-el-baul-de-los-recuerdos-radio-cunit\/#breadcrumb\",\"itemListElement\":[{\"@type\":\"ListItem\",\"position\":1,\"name\":\"Portada\",\"item\":\"https:\/\/www.acupuntura-legorburu.com\/ca\/\"},{\"@type\":\"ListItem\",\"position\":2,\"name\":\"Entrevista de radio en &#8220;El Ba\u00fal de los Recuerdos&#8221; &#8211; Radio Cunit\"}]},{\"@type\":\"WebSite\",\"@id\":\"https:\/\/www.acupuntura-legorburu.com\/#website\",\"url\":\"https:\/\/www.acupuntura-legorburu.com\/\",\"name\":\"\",\"description\":\"\",\"potentialAction\":[{\"@type\":\"SearchAction\",\"target\":{\"@type\":\"EntryPoint\",\"urlTemplate\":\"https:\/\/www.acupuntura-legorburu.com\/?s={search_term_string}\"},\"query-input\":{\"@type\":\"PropertyValueSpecification\",\"valueRequired\":true,\"valueName\":\"search_term_string\"}}],\"inLanguage\":\"ca\"},{\"@type\":\"Person\",\"@id\":\"https:\/\/www.acupuntura-legorburu.com\/#\/schema\/person\/db67d90abebf1b218e3e1cd91b930eb0\",\"name\":\"Margarita\",\"url\":\"https:\/\/www.acupuntura-legorburu.com\/ca\/author\/margarita\/\"}]}<\/script>\n<!-- \/ Yoast SEO plugin. -->","yoast_head_json":{"title":"Acupuntura Legorburu | Entrevista en El Ba\u00fal de los Recuerdos","description":"El pr\u00f3ximo s\u00e1bado d\u00eda 28 de febrero estar\u00e9 en el programa de radio \"El Ba\u00fal de los Recuerdos\" dentro del espacio \"La Ventana\" donde hablar\u00e9 sobre acupuntura","robots":{"index":"index","follow":"follow","max-snippet":"max-snippet:-1","max-image-preview":"max-image-preview:large","max-video-preview":"max-video-preview:-1"},"canonical":"https:\/\/www.acupuntura-legorburu.com\/ca\/entrevista-de-radio-en-el-baul-de-los-recuerdos-radio-cunit\/","og_locale":"ca_ES","og_type":"article","og_title":"Acupuntura Legorburu | Entrevista en El Ba\u00fal de los Recuerdos","og_description":"El pr\u00f3ximo s\u00e1bado d\u00eda 28 de febrero estar\u00e9 en el programa de radio \"El Ba\u00fal de los Recuerdos\" dentro del espacio \"La Ventana\" donde hablar\u00e9 sobre acupuntura","og_url":"https:\/\/www.acupuntura-legorburu.com\/ca\/entrevista-de-radio-en-el-baul-de-los-recuerdos-radio-cunit\/","article_publisher":"https:\/\/www.facebook.com\/pages\/Cl%c3%adnica-de-acupuntura-de-la-Dra-Margarita-Legorburu\/126630064083783?fref=ts","article_published_time":"2015-02-26T06:00:32+00:00","article_modified_time":"2017-05-15T10:31:10+00:00","og_image":[{"width":709,"height":266,"url":"https:\/\/www.acupuntura-legorburu.com\/wp-content\/uploads\/2015\/02\/Banner_Blog_Acupuntura_Legorburu_Marga_10.jpg","type":"image\/jpeg"}],"author":"Margarita","twitter_misc":{"Escrit per":"Margarita"},"schema":{"@context":"https:\/\/schema.org","@graph":[{"@type":"Article","@id":"https:\/\/www.acupuntura-legorburu.com\/ca\/entrevista-de-radio-en-el-baul-de-los-recuerdos-radio-cunit\/#article","isPartOf":{"@id":"https:\/\/www.acupuntura-legorburu.com\/ca\/entrevista-de-radio-en-el-baul-de-los-recuerdos-radio-cunit\/"},"author":{"name":"Margarita","@id":"https:\/\/www.acupuntura-legorburu.com\/#\/schema\/person\/db67d90abebf1b218e3e1cd91b930eb0"},"headline":"Entrevista de radio en &#8220;El Ba\u00fal de los Recuerdos&#8221; &#8211; Radio Cunit","datePublished":"2015-02-26T06:00:32+00:00","dateModified":"2017-05-15T10:31:10+00:00","mainEntityOfPage":{"@id":"https:\/\/www.acupuntura-legorburu.com\/ca\/entrevista-de-radio-en-el-baul-de-los-recuerdos-radio-cunit\/"},"wordCount":78,"commentCount":0,"image":{"@id":"https:\/\/www.acupuntura-legorburu.com\/ca\/entrevista-de-radio-en-el-baul-de-los-recuerdos-radio-cunit\/#primaryimage"},"thumbnailUrl":"https:\/\/www.acupuntura-legorburu.com\/wp-content\/uploads\/2015\/02\/Banner_Blog_Acupuntura_Legorburu_Marga_10.jpg","articleSection":["Entrevistas radio @ca"],"inLanguage":"ca","potentialAction":[{"@type":"CommentAction","name":"Comment","target":["https:\/\/www.acupuntura-legorburu.com\/ca\/entrevista-de-radio-en-el-baul-de-los-recuerdos-radio-cunit\/#respond"]}]},{"@type":"WebPage","@id":"https:\/\/www.acupuntura-legorburu.com\/ca\/entrevista-de-radio-en-el-baul-de-los-recuerdos-radio-cunit\/","url":"https:\/\/www.acupuntura-legorburu.com\/ca\/entrevista-de-radio-en-el-baul-de-los-recuerdos-radio-cunit\/","name":"Acupuntura Legorburu | Entrevista en El Ba\u00fal de los Recuerdos","isPartOf":{"@id":"https:\/\/www.acupuntura-legorburu.com\/#website"},"primaryImageOfPage":{"@id":"https:\/\/www.acupuntura-legorburu.com\/ca\/entrevista-de-radio-en-el-baul-de-los-recuerdos-radio-cunit\/#primaryimage"},"image":{"@id":"https:\/\/www.acupuntura-legorburu.com\/ca\/entrevista-de-radio-en-el-baul-de-los-recuerdos-radio-cunit\/#primaryimage"},"thumbnailUrl":"https:\/\/www.acupuntura-legorburu.com\/wp-content\/uploads\/2015\/02\/Banner_Blog_Acupuntura_Legorburu_Marga_10.jpg","datePublished":"2015-02-26T06:00:32+00:00","dateModified":"2017-05-15T10:31:10+00:00","author":{"@id":"https:\/\/www.acupuntura-legorburu.com\/#\/schema\/person\/db67d90abebf1b218e3e1cd91b930eb0"},"description":"El pr\u00f3ximo s\u00e1bado d\u00eda 28 de febrero estar\u00e9 en el programa de radio \"El Ba\u00fal de los Recuerdos\" dentro del espacio \"La Ventana\" donde hablar\u00e9 sobre acupuntura","breadcrumb":{"@id":"https:\/\/www.acupuntura-legorburu.com\/ca\/entrevista-de-radio-en-el-baul-de-los-recuerdos-radio-cunit\/#breadcrumb"},"inLanguage":"ca","potentialAction":[{"@type":"ReadAction","target":["https:\/\/www.acupuntura-legorburu.com\/ca\/entrevista-de-radio-en-el-baul-de-los-recuerdos-radio-cunit\/"]}]},{"@type":"ImageObject","inLanguage":"ca","@id":"https:\/\/www.acupuntura-legorburu.com\/ca\/entrevista-de-radio-en-el-baul-de-los-recuerdos-radio-cunit\/#primaryimage","url":"https:\/\/www.acupuntura-legorburu.com\/wp-content\/uploads\/2015\/02\/Banner_Blog_Acupuntura_Legorburu_Marga_10.jpg","contentUrl":"https:\/\/www.acupuntura-legorburu.com\/wp-content\/uploads\/2015\/02\/Banner_Blog_Acupuntura_Legorburu_Marga_10.jpg","width":709,"height":266},{"@type":"BreadcrumbList","@id":"https:\/\/www.acupuntura-legorburu.com\/ca\/entrevista-de-radio-en-el-baul-de-los-recuerdos-radio-cunit\/#breadcrumb","itemListElement":[{"@type":"ListItem","position":1,"name":"Portada","item":"https:\/\/www.acupuntura-legorburu.com\/ca\/"},{"@type":"ListItem","position":2,"name":"Entrevista de radio en &#8220;El Ba\u00fal de los Recuerdos&#8221; &#8211; Radio Cunit"}]},{"@type":"WebSite","@id":"https:\/\/www.acupuntura-legorburu.com\/#website","url":"https:\/\/www.acupuntura-legorburu.com\/","name":"","description":"","potentialAction":[{"@type":"SearchAction","target":{"@type":"EntryPoint","urlTemplate":"https:\/\/www.acupuntura-legorburu.com\/?s={search_term_string}"},"query-input":{"@type":"PropertyValueSpecification","valueRequired":true,"valueName":"search_term_string"}}],"inLanguage":"ca"},{"@type":"Person","@id":"https:\/\/www.acupuntura-legorburu.com\/#\/schema\/person\/db67d90abebf1b218e3e1cd91b930eb0","name":"Margarita","url":"https:\/\/www.acupuntura-legorburu.com\/ca\/author\/margarita\/"}]}},"_links":{"self":[{"href":"https:\/\/www.acupuntura-legorburu.com\/ca\/wp-json\/wp\/v2\/posts\/3785","targetHints":{"allow":["GET"]}}],"collection":[{"href":"https:\/\/www.acupuntura-legorburu.com\/ca\/wp-json\/wp\/v2\/posts"}],"about":[{"href":"https:\/\/www.acupuntura-legorburu.com\/ca\/wp-json\/wp\/v2\/types\/post"}],"author":[{"embeddable":true,"href":"https:\/\/www.acupuntura-legorburu.com\/ca\/wp-json\/wp\/v2\/users\/1"}],"replies":[{"embeddable":true,"href":"https:\/\/www.acupuntura-legorburu.com\/ca\/wp-json\/wp\/v2\/comments?post=3785"}],"version-history":[{"count":1,"href":"https:\/\/www.acupuntura-legorburu.com\/ca\/wp-json\/wp\/v2\/posts\/3785\/revisions"}],"predecessor-version":[{"id":3786,"href":"https:\/\/www.acupuntura-legorburu.com\/ca\/wp-json\/wp\/v2\/posts\/3785\/revisions\/3786"}],"wp:featuredmedia":[{"embeddable":true,"href":"https:\/\/www.acupuntura-legorburu.com\/ca\/wp-json\/wp\/v2\/media\/3734"}],"wp:attachment":[{"href":"https:\/\/www.acupuntura-legorburu.com\/ca\/wp-json\/wp\/v2\/media?parent=3785"}],"wp:term":[{"taxonomy":"category","embeddable":true,"href":"https:\/\/www.acupuntura-legorburu.com\/ca\/wp-json\/wp\/v2\/categories?post=3785"},{"taxonomy":"post_tag","embeddable":true,"href":"https:\/\/www.acupuntura-legorburu.com\/ca\/wp-json\/wp\/v2\/tags?post=3785"}],"curies":[{"name":"wp","href":"https:\/\/api.w.org\/{rel}","templated":true}]}}