{"id":2881,"date":"2014-10-20T07:00:51","date_gmt":"2014-10-20T05:00:51","guid":{"rendered":"http:\/\/www.acupuntura-legorburu.com\/la-feina-ben-feta-te-fronteres-2\/"},"modified":"2017-05-15T12:31:19","modified_gmt":"2017-05-15T10:31:19","slug":"la-feina-ben-feta-no-te-fronteres","status":"publish","type":"post","link":"https:\/\/www.acupuntura-legorburu.com\/ca\/la-feina-ben-feta-no-te-fronteres\/","title":{"rendered":"La feina ben feta no t\u00e9 fronteres"},"content":{"rendered":"<p style=\"text-align: justify;\">Que bueno deb\u00eda ser este eslogan creo recordar que de <a href=\"http:\/\/ca.wikipedia.org\/wiki\/Llu%C3%ADs_Bassat_i_Coen\" target=\"_blank\">Joan Bassat<\/a> para que todav\u00eda lo recordemos desde los ya lejanos a\u00f1os 80. Como la mayor\u00eda de nosotros pens\u00e9 que era una met\u00e1fora. Despu\u00e9s de ver que lo de las fronteras que nos aconsejaba el gobierno era literal, da para reflexionar abundantemente sobre el trabajo bien hecho. No os asust\u00e9is no hablaremos de pol\u00edtica pero el trabajo bien hecho se puede reflejar en cualquier actividad cotidiana.<br \/>\n<img decoding=\"async\" class=\"alignright size-full wp-image-2875\" alt=\"Acupuntura_Legorburu_La_Feina_Ben_Feta\" src=\"http:\/\/www.acupuntura-legorburu.com\/wp-content\/uploads\/2014\/10\/Acupuntura_Legorburu_La_Feina_Ben_Feta.jpg\" width=\"330\" height=\"257\" srcset=\"https:\/\/www.acupuntura-legorburu.com\/wp-content\/uploads\/2014\/10\/Acupuntura_Legorburu_La_Feina_Ben_Feta-300x233.jpg 300w, https:\/\/www.acupuntura-legorburu.com\/wp-content\/uploads\/2014\/10\/Acupuntura_Legorburu_La_Feina_Ben_Feta.jpg 330w\" sizes=\"(max-width: 330px) 100vw, 330px\" \/><\/p>\n<p>&nbsp;<\/p>\n<p style=\"text-align: justify;\">He estado pensando sobre las amistades de Facebook. \u00bfSe puede hacer bien? Pues si. Entendemos por hacer bien, que tenga alg\u00fan valor a\u00f1adido al meramente acumulativo de &#8220;me gusta&#8221; en la pantalla.<\/p>\n<p>&nbsp;<\/p>\n<p style=\"text-align: justify;\">Vivimos en una \u00e9poca en la que es m\u00e1s f\u00e1cil obtener un divorcio &#8220;express&#8221; y cambiar de marido que mejorar tu tarifa telef\u00f3nica.<\/p>\n<p>&nbsp;<\/p>\n<p style=\"text-align: justify;\">Hoy quer\u00eda comentaros las inesperadas alegr\u00edas que me est\u00e1 dando Facebook.<\/p>\n<p>&nbsp;<\/p>\n<p style=\"text-align: justify;\">El d\u00eda en que la persona encargada de mi esperada p\u00e1gina web me puso en\u00a0 Facebook sin avisar, me sent\u00ed alterada y rabiosa. No me pidi\u00f3 permiso dando por hecho que era &#8220;lo normal&#8221; que hac\u00eda con todos sus clientes.<br \/>\nUna vez pasada la inevitable pataleta inicial, sin duda debida a mi ignorancia de lo que era normal, entr\u00e9 en la siguiente fase con celeridad y que consisti\u00f3 en pensar qu\u00e9 beneficio le pod\u00eda sacar a Facebook antes de extrangular al tipo en cuesti\u00f3n.<\/p>\n<p>&nbsp;<\/p>\n<p style=\"text-align: justify;\">Hoy en d\u00eda, creo que he encontrado un m\u00e9todo eficaz de comunicaci\u00f3n, sin traspasar en ning\u00fan momento la fina l\u00ednea de mi vida privada ni la de mi familia. Me es \u00fatil para mi trabajo y la difusi\u00f3n en las redes incluso me divierte. Si, me divierte y me permite ser r\u00e1pida y creativa.<\/p>\n<p>&nbsp;<\/p>\n<p style=\"text-align: justify;\">Pero este no es el tema. El tema es si la interacci\u00f3n con los amigos de Facebook se puede hacer de forma que nos aporte &#8220;algo&#8221; en la vida real. Cada d\u00eda que pasa estoy m\u00e1s contenta, porque ahora es al rev\u00e9s de lo temido desde mi temor a lo desconocido&#8230; A menudo me encuentro con personas que previamente hemos sido amigas en face. No hace falta ponerles cara, ya que ya la conozco, pero les estoy poniendo voz e impresiones. Es posible reconocer a gente de la que previamente ya tienes una informaci\u00f3n. Encontrarse en persona es indispensable para comprobar si hay qu\u00edmica o posibilidades de colaboraci\u00f3n o de alguna de la infinidad de posibilidades que diariamente nos da la vida.<\/p>\n<p>&nbsp;<\/p>\n<p style=\"text-align: justify;\">Eso si, si tienes 1000 amigos en facebook, pero ninguno para tomar una cerveza el fin de semana, tienes un gran problema. No perdamos la perspectiva.<\/p>\n<p>&nbsp;<\/p>\n<p style=\"text-align: justify;\">He conocido gente fant\u00e1stica\u00a0 en encuentros\u00a0 post-facebook desde colegas, pacientes, escritores y un largo etc que despu\u00e9s he podido compartir\u00a0 con ellos caf\u00e9 y lo que se ha terciado. Ahora lo llamamos sinergias. Siglo XXI, no te dejar\u00e9 escapar.<\/p>\n<p>&nbsp;<\/p>\n<p>Traspasemos las fronteras de facebook y de las redes sociales para ponerlas de nuestro lado, no para que nos engullan en un espiral an\u00f3nimo y anodino.<br \/>\nComo siempre, me hace muy feliz ver vuestros comentarios en el blog.<br \/>\n&nbsp;<\/p>\n<p style=\"text-align: justify;\"><img decoding=\"async\" class=\"aligncenter size-full wp-image-2874\" alt=\"Acupuntura_Legorburu_La_Feina_Ben_Feta_2\" src=\"http:\/\/www.acupuntura-legorburu.com\/wp-content\/uploads\/2014\/10\/Acupuntura_Legorburu_La_Feina_Ben_Feta_2.jpg\" width=\"569\" height=\"435\" srcset=\"https:\/\/www.acupuntura-legorburu.com\/wp-content\/uploads\/2014\/10\/Acupuntura_Legorburu_La_Feina_Ben_Feta_2-300x229.jpg 300w, https:\/\/www.acupuntura-legorburu.com\/wp-content\/uploads\/2014\/10\/Acupuntura_Legorburu_La_Feina_Ben_Feta_2.jpg 569w\" sizes=\"(max-width: 569px) 100vw, 569px\" \/><\/p>\n<p>&nbsp;<\/p>\n<p style=\"text-align: center;\"><strong><a href=\"https:\/\/www.facebook.com\/pages\/Cl%C3%ADnica-de-acupuntura-de-la-Dra-Margarita-Legorburu\/126630064083783?fref=ts\" target=\"_blank\">www.facebook.com\/acupuntura-legorburu<\/a><\/strong><\/p>\n<p>&nbsp;<\/p>\n","protected":false},"excerpt":{"rendered":"<p>Que bueno deb\u00eda ser este eslogan creo recordar que de Joan Bassat para que todav\u00eda lo recordemos desde los ya lejanos a\u00f1os 80. Como la mayor\u00eda de nosotros pens\u00e9 que era una met\u00e1fora. Despu\u00e9s de ver que lo de [&#8230;]<\/p>\n","protected":false},"author":1,"featured_media":2820,"comment_status":"open","ping_status":"open","sticky":false,"template":"","format":"standard","meta":{"ngg_post_thumbnail":0,"_joinchat":[],"footnotes":""},"categories":[91],"tags":[],"class_list":["post-2881","post","type-post","status-publish","format-standard","has-post-thumbnail","hentry","category-opinion-ca"],"yoast_head":"<!-- This site is optimized with the Yoast SEO plugin v27.0 - https:\/\/yoast.com\/product\/yoast-seo-wordpress\/ -->\n<title>Acupuntura Legorburu | Art\u00edculo opini\u00f3n | La feina ben feta<\/title>\n<meta name=\"description\" content=\"Que bueno deb\u00eda ser este eslogan creo recordar que de Joan Bassat para que todav\u00eda lo recordemos desde los ya lejanos a\u00f1os 80. Como la mayor\u00eda de nosotros pens\u00e9 que era una met\u00e1fora.\" \/>\n<meta name=\"robots\" content=\"index, follow, max-snippet:-1, max-image-preview:large, max-video-preview:-1\" \/>\n<link rel=\"canonical\" href=\"https:\/\/www.acupuntura-legorburu.com\/ca\/la-feina-ben-feta-no-te-fronteres\/\" \/>\n<meta property=\"og:locale\" content=\"ca_ES\" \/>\n<meta property=\"og:type\" content=\"article\" \/>\n<meta property=\"og:title\" content=\"Acupuntura Legorburu | Art\u00edculo opini\u00f3n | La feina ben feta\" \/>\n<meta property=\"og:description\" content=\"Que bueno deb\u00eda ser este eslogan creo recordar que de Joan Bassat para que todav\u00eda lo recordemos desde los ya lejanos a\u00f1os 80. Como la mayor\u00eda de nosotros pens\u00e9 que era una met\u00e1fora.\" \/>\n<meta property=\"og:url\" content=\"https:\/\/www.acupuntura-legorburu.com\/ca\/la-feina-ben-feta-no-te-fronteres\/\" \/>\n<meta property=\"article:publisher\" content=\"https:\/\/www.facebook.com\/pages\/Cl%c3%adnica-de-acupuntura-de-la-Dra-Margarita-Legorburu\/126630064083783?fref=ts\" \/>\n<meta property=\"article:published_time\" content=\"2014-10-20T05:00:51+00:00\" \/>\n<meta property=\"article:modified_time\" content=\"2017-05-15T10:31:19+00:00\" \/>\n<meta property=\"og:image\" content=\"https:\/\/www.acupuntura-legorburu.com\/wp-content\/uploads\/2014\/09\/Banner_Blog_Acupuntura_Legorburu_Marga_Opinion_3.jpg\" \/>\n\t<meta property=\"og:image:width\" content=\"709\" \/>\n\t<meta property=\"og:image:height\" content=\"266\" \/>\n\t<meta property=\"og:image:type\" content=\"image\/jpeg\" \/>\n<meta name=\"author\" content=\"Margarita\" \/>\n<meta name=\"twitter:label1\" content=\"Escrit per\" \/>\n\t<meta name=\"twitter:data1\" content=\"Margarita\" \/>\n\t<meta name=\"twitter:label2\" content=\"Temps estimat de lectura\" \/>\n\t<meta name=\"twitter:data2\" content=\"3 minuts\" \/>\n<script type=\"application\/ld+json\" class=\"yoast-schema-graph\">{\"@context\":\"https:\/\/schema.org\",\"@graph\":[{\"@type\":\"Article\",\"@id\":\"https:\/\/www.acupuntura-legorburu.com\/ca\/la-feina-ben-feta-no-te-fronteres\/#article\",\"isPartOf\":{\"@id\":\"https:\/\/www.acupuntura-legorburu.com\/ca\/la-feina-ben-feta-no-te-fronteres\/\"},\"author\":{\"name\":\"Margarita\",\"@id\":\"https:\/\/www.acupuntura-legorburu.com\/#\/schema\/person\/db67d90abebf1b218e3e1cd91b930eb0\"},\"headline\":\"La feina ben feta no t\u00e9 fronteres\",\"datePublished\":\"2014-10-20T05:00:51+00:00\",\"dateModified\":\"2017-05-15T10:31:19+00:00\",\"mainEntityOfPage\":{\"@id\":\"https:\/\/www.acupuntura-legorburu.com\/ca\/la-feina-ben-feta-no-te-fronteres\/\"},\"wordCount\":563,\"commentCount\":0,\"image\":{\"@id\":\"https:\/\/www.acupuntura-legorburu.com\/ca\/la-feina-ben-feta-no-te-fronteres\/#primaryimage\"},\"thumbnailUrl\":\"https:\/\/www.acupuntura-legorburu.com\/wp-content\/uploads\/2014\/09\/Banner_Blog_Acupuntura_Legorburu_Marga_Opinion_3.jpg\",\"articleSection\":[\"Opini\u00f3n @ca\"],\"inLanguage\":\"ca\",\"potentialAction\":[{\"@type\":\"CommentAction\",\"name\":\"Comment\",\"target\":[\"https:\/\/www.acupuntura-legorburu.com\/ca\/la-feina-ben-feta-no-te-fronteres\/#respond\"]}]},{\"@type\":\"WebPage\",\"@id\":\"https:\/\/www.acupuntura-legorburu.com\/ca\/la-feina-ben-feta-no-te-fronteres\/\",\"url\":\"https:\/\/www.acupuntura-legorburu.com\/ca\/la-feina-ben-feta-no-te-fronteres\/\",\"name\":\"Acupuntura Legorburu | Art\u00edculo opini\u00f3n | La feina ben feta\",\"isPartOf\":{\"@id\":\"https:\/\/www.acupuntura-legorburu.com\/#website\"},\"primaryImageOfPage\":{\"@id\":\"https:\/\/www.acupuntura-legorburu.com\/ca\/la-feina-ben-feta-no-te-fronteres\/#primaryimage\"},\"image\":{\"@id\":\"https:\/\/www.acupuntura-legorburu.com\/ca\/la-feina-ben-feta-no-te-fronteres\/#primaryimage\"},\"thumbnailUrl\":\"https:\/\/www.acupuntura-legorburu.com\/wp-content\/uploads\/2014\/09\/Banner_Blog_Acupuntura_Legorburu_Marga_Opinion_3.jpg\",\"datePublished\":\"2014-10-20T05:00:51+00:00\",\"dateModified\":\"2017-05-15T10:31:19+00:00\",\"author\":{\"@id\":\"https:\/\/www.acupuntura-legorburu.com\/#\/schema\/person\/db67d90abebf1b218e3e1cd91b930eb0\"},\"description\":\"Que bueno deb\u00eda ser este eslogan creo recordar que de Joan Bassat para que todav\u00eda lo recordemos desde los ya lejanos a\u00f1os 80. Como la mayor\u00eda de nosotros pens\u00e9 que era una met\u00e1fora.\",\"breadcrumb\":{\"@id\":\"https:\/\/www.acupuntura-legorburu.com\/ca\/la-feina-ben-feta-no-te-fronteres\/#breadcrumb\"},\"inLanguage\":\"ca\",\"potentialAction\":[{\"@type\":\"ReadAction\",\"target\":[\"https:\/\/www.acupuntura-legorburu.com\/ca\/la-feina-ben-feta-no-te-fronteres\/\"]}]},{\"@type\":\"ImageObject\",\"inLanguage\":\"ca\",\"@id\":\"https:\/\/www.acupuntura-legorburu.com\/ca\/la-feina-ben-feta-no-te-fronteres\/#primaryimage\",\"url\":\"https:\/\/www.acupuntura-legorburu.com\/wp-content\/uploads\/2014\/09\/Banner_Blog_Acupuntura_Legorburu_Marga_Opinion_3.jpg\",\"contentUrl\":\"https:\/\/www.acupuntura-legorburu.com\/wp-content\/uploads\/2014\/09\/Banner_Blog_Acupuntura_Legorburu_Marga_Opinion_3.jpg\",\"width\":709,\"height\":266},{\"@type\":\"BreadcrumbList\",\"@id\":\"https:\/\/www.acupuntura-legorburu.com\/ca\/la-feina-ben-feta-no-te-fronteres\/#breadcrumb\",\"itemListElement\":[{\"@type\":\"ListItem\",\"position\":1,\"name\":\"Portada\",\"item\":\"https:\/\/www.acupuntura-legorburu.com\/ca\/\"},{\"@type\":\"ListItem\",\"position\":2,\"name\":\"La feina ben feta no t\u00e9 fronteres\"}]},{\"@type\":\"WebSite\",\"@id\":\"https:\/\/www.acupuntura-legorburu.com\/#website\",\"url\":\"https:\/\/www.acupuntura-legorburu.com\/\",\"name\":\"\",\"description\":\"\",\"potentialAction\":[{\"@type\":\"SearchAction\",\"target\":{\"@type\":\"EntryPoint\",\"urlTemplate\":\"https:\/\/www.acupuntura-legorburu.com\/?s={search_term_string}\"},\"query-input\":{\"@type\":\"PropertyValueSpecification\",\"valueRequired\":true,\"valueName\":\"search_term_string\"}}],\"inLanguage\":\"ca\"},{\"@type\":\"Person\",\"@id\":\"https:\/\/www.acupuntura-legorburu.com\/#\/schema\/person\/db67d90abebf1b218e3e1cd91b930eb0\",\"name\":\"Margarita\",\"url\":\"https:\/\/www.acupuntura-legorburu.com\/ca\/author\/margarita\/\"}]}<\/script>\n<!-- \/ Yoast SEO plugin. -->","yoast_head_json":{"title":"Acupuntura Legorburu | Art\u00edculo opini\u00f3n | La feina ben feta","description":"Que bueno deb\u00eda ser este eslogan creo recordar que de Joan Bassat para que todav\u00eda lo recordemos desde los ya lejanos a\u00f1os 80. Como la mayor\u00eda de nosotros pens\u00e9 que era una met\u00e1fora.","robots":{"index":"index","follow":"follow","max-snippet":"max-snippet:-1","max-image-preview":"max-image-preview:large","max-video-preview":"max-video-preview:-1"},"canonical":"https:\/\/www.acupuntura-legorburu.com\/ca\/la-feina-ben-feta-no-te-fronteres\/","og_locale":"ca_ES","og_type":"article","og_title":"Acupuntura Legorburu | Art\u00edculo opini\u00f3n | La feina ben feta","og_description":"Que bueno deb\u00eda ser este eslogan creo recordar que de Joan Bassat para que todav\u00eda lo recordemos desde los ya lejanos a\u00f1os 80. Como la mayor\u00eda de nosotros pens\u00e9 que era una met\u00e1fora.","og_url":"https:\/\/www.acupuntura-legorburu.com\/ca\/la-feina-ben-feta-no-te-fronteres\/","article_publisher":"https:\/\/www.facebook.com\/pages\/Cl%c3%adnica-de-acupuntura-de-la-Dra-Margarita-Legorburu\/126630064083783?fref=ts","article_published_time":"2014-10-20T05:00:51+00:00","article_modified_time":"2017-05-15T10:31:19+00:00","og_image":[{"width":709,"height":266,"url":"https:\/\/www.acupuntura-legorburu.com\/wp-content\/uploads\/2014\/09\/Banner_Blog_Acupuntura_Legorburu_Marga_Opinion_3.jpg","type":"image\/jpeg"}],"author":"Margarita","twitter_misc":{"Escrit per":"Margarita","Temps estimat de lectura":"3 minuts"},"schema":{"@context":"https:\/\/schema.org","@graph":[{"@type":"Article","@id":"https:\/\/www.acupuntura-legorburu.com\/ca\/la-feina-ben-feta-no-te-fronteres\/#article","isPartOf":{"@id":"https:\/\/www.acupuntura-legorburu.com\/ca\/la-feina-ben-feta-no-te-fronteres\/"},"author":{"name":"Margarita","@id":"https:\/\/www.acupuntura-legorburu.com\/#\/schema\/person\/db67d90abebf1b218e3e1cd91b930eb0"},"headline":"La feina ben feta no t\u00e9 fronteres","datePublished":"2014-10-20T05:00:51+00:00","dateModified":"2017-05-15T10:31:19+00:00","mainEntityOfPage":{"@id":"https:\/\/www.acupuntura-legorburu.com\/ca\/la-feina-ben-feta-no-te-fronteres\/"},"wordCount":563,"commentCount":0,"image":{"@id":"https:\/\/www.acupuntura-legorburu.com\/ca\/la-feina-ben-feta-no-te-fronteres\/#primaryimage"},"thumbnailUrl":"https:\/\/www.acupuntura-legorburu.com\/wp-content\/uploads\/2014\/09\/Banner_Blog_Acupuntura_Legorburu_Marga_Opinion_3.jpg","articleSection":["Opini\u00f3n @ca"],"inLanguage":"ca","potentialAction":[{"@type":"CommentAction","name":"Comment","target":["https:\/\/www.acupuntura-legorburu.com\/ca\/la-feina-ben-feta-no-te-fronteres\/#respond"]}]},{"@type":"WebPage","@id":"https:\/\/www.acupuntura-legorburu.com\/ca\/la-feina-ben-feta-no-te-fronteres\/","url":"https:\/\/www.acupuntura-legorburu.com\/ca\/la-feina-ben-feta-no-te-fronteres\/","name":"Acupuntura Legorburu | Art\u00edculo opini\u00f3n | La feina ben feta","isPartOf":{"@id":"https:\/\/www.acupuntura-legorburu.com\/#website"},"primaryImageOfPage":{"@id":"https:\/\/www.acupuntura-legorburu.com\/ca\/la-feina-ben-feta-no-te-fronteres\/#primaryimage"},"image":{"@id":"https:\/\/www.acupuntura-legorburu.com\/ca\/la-feina-ben-feta-no-te-fronteres\/#primaryimage"},"thumbnailUrl":"https:\/\/www.acupuntura-legorburu.com\/wp-content\/uploads\/2014\/09\/Banner_Blog_Acupuntura_Legorburu_Marga_Opinion_3.jpg","datePublished":"2014-10-20T05:00:51+00:00","dateModified":"2017-05-15T10:31:19+00:00","author":{"@id":"https:\/\/www.acupuntura-legorburu.com\/#\/schema\/person\/db67d90abebf1b218e3e1cd91b930eb0"},"description":"Que bueno deb\u00eda ser este eslogan creo recordar que de Joan Bassat para que todav\u00eda lo recordemos desde los ya lejanos a\u00f1os 80. Como la mayor\u00eda de nosotros pens\u00e9 que era una met\u00e1fora.","breadcrumb":{"@id":"https:\/\/www.acupuntura-legorburu.com\/ca\/la-feina-ben-feta-no-te-fronteres\/#breadcrumb"},"inLanguage":"ca","potentialAction":[{"@type":"ReadAction","target":["https:\/\/www.acupuntura-legorburu.com\/ca\/la-feina-ben-feta-no-te-fronteres\/"]}]},{"@type":"ImageObject","inLanguage":"ca","@id":"https:\/\/www.acupuntura-legorburu.com\/ca\/la-feina-ben-feta-no-te-fronteres\/#primaryimage","url":"https:\/\/www.acupuntura-legorburu.com\/wp-content\/uploads\/2014\/09\/Banner_Blog_Acupuntura_Legorburu_Marga_Opinion_3.jpg","contentUrl":"https:\/\/www.acupuntura-legorburu.com\/wp-content\/uploads\/2014\/09\/Banner_Blog_Acupuntura_Legorburu_Marga_Opinion_3.jpg","width":709,"height":266},{"@type":"BreadcrumbList","@id":"https:\/\/www.acupuntura-legorburu.com\/ca\/la-feina-ben-feta-no-te-fronteres\/#breadcrumb","itemListElement":[{"@type":"ListItem","position":1,"name":"Portada","item":"https:\/\/www.acupuntura-legorburu.com\/ca\/"},{"@type":"ListItem","position":2,"name":"La feina ben feta no t\u00e9 fronteres"}]},{"@type":"WebSite","@id":"https:\/\/www.acupuntura-legorburu.com\/#website","url":"https:\/\/www.acupuntura-legorburu.com\/","name":"","description":"","potentialAction":[{"@type":"SearchAction","target":{"@type":"EntryPoint","urlTemplate":"https:\/\/www.acupuntura-legorburu.com\/?s={search_term_string}"},"query-input":{"@type":"PropertyValueSpecification","valueRequired":true,"valueName":"search_term_string"}}],"inLanguage":"ca"},{"@type":"Person","@id":"https:\/\/www.acupuntura-legorburu.com\/#\/schema\/person\/db67d90abebf1b218e3e1cd91b930eb0","name":"Margarita","url":"https:\/\/www.acupuntura-legorburu.com\/ca\/author\/margarita\/"}]}},"_links":{"self":[{"href":"https:\/\/www.acupuntura-legorburu.com\/ca\/wp-json\/wp\/v2\/posts\/2881","targetHints":{"allow":["GET"]}}],"collection":[{"href":"https:\/\/www.acupuntura-legorburu.com\/ca\/wp-json\/wp\/v2\/posts"}],"about":[{"href":"https:\/\/www.acupuntura-legorburu.com\/ca\/wp-json\/wp\/v2\/types\/post"}],"author":[{"embeddable":true,"href":"https:\/\/www.acupuntura-legorburu.com\/ca\/wp-json\/wp\/v2\/users\/1"}],"replies":[{"embeddable":true,"href":"https:\/\/www.acupuntura-legorburu.com\/ca\/wp-json\/wp\/v2\/comments?post=2881"}],"version-history":[{"count":3,"href":"https:\/\/www.acupuntura-legorburu.com\/ca\/wp-json\/wp\/v2\/posts\/2881\/revisions"}],"predecessor-version":[{"id":2951,"href":"https:\/\/www.acupuntura-legorburu.com\/ca\/wp-json\/wp\/v2\/posts\/2881\/revisions\/2951"}],"wp:featuredmedia":[{"embeddable":true,"href":"https:\/\/www.acupuntura-legorburu.com\/ca\/wp-json\/wp\/v2\/media\/2820"}],"wp:attachment":[{"href":"https:\/\/www.acupuntura-legorburu.com\/ca\/wp-json\/wp\/v2\/media?parent=2881"}],"wp:term":[{"taxonomy":"category","embeddable":true,"href":"https:\/\/www.acupuntura-legorburu.com\/ca\/wp-json\/wp\/v2\/categories?post=2881"},{"taxonomy":"post_tag","embeddable":true,"href":"https:\/\/www.acupuntura-legorburu.com\/ca\/wp-json\/wp\/v2\/tags?post=2881"}],"curies":[{"name":"wp","href":"https:\/\/api.w.org\/{rel}","templated":true}]}}