{"id":2159,"date":"2014-04-09T07:58:45","date_gmt":"2014-04-09T07:58:45","guid":{"rendered":"http:\/\/www.acupuntura-legorburu.com\/a-vivir-que-son-dos-dias-2\/"},"modified":"2017-05-15T12:31:31","modified_gmt":"2017-05-15T10:31:31","slug":"a-vivir-que-son-dos-dias-2","status":"publish","type":"post","link":"https:\/\/www.acupuntura-legorburu.com\/ca\/a-vivir-que-son-dos-dias-2\/","title":{"rendered":"A vivir que son dos d\u00edas"},"content":{"rendered":"<p style=\"text-align: justify;\">Muchas veces o\u00edmos y decimos esta expresi\u00f3n, pero no se hasta que punto nos atrevemos a practicarla.<br \/>\nEsta tarde al llegar a la consulta he recibido un correo de una compa\u00f1era de colegio, hab\u00edamos sido muy amigas durante la ya lejana infancia y adolescencia pero como pasa con muchas relaciones hace a\u00f1os que no nos hemos visto. Me explicaba que se enter\u00f3 por casualidad del fallecimiento de otra compa\u00f1era nuestra y de alguna manera necesitaba compartirlo. A mi se me localiza f\u00e1cil, como os pod\u00e9is imaginar&#8230;<br \/>\nEl impacto ha sido brutal, y al preguntar de que ha fallecido, que para mi siempre es la pregunta clave, ha contestado que se tir\u00f3 por el balc\u00f3n.<br \/>\nAqu\u00ed ya el impacto&#8230; sin comentarios. Que la gente se muera de cancer o de accidente toca mucho, pero que se tiren por el balc\u00f3n te deja absolutamente fuera de juego.<br \/>\nLa afligida compa\u00f1era que me ha escrito suger\u00eda hacer una cena no de toda la clase, si no en &#8220;petit comit\u00e9&#8221; y saber que pasaba con nuestras ajetreadas vidas y compartir buenas noticias ( ya que estamos vivas, pon\u00eda).<br \/>\nEvidentemente he dicho que si, y entre facebook y mi archivo de la consulta hemos quedado 8 en menos de tres horas!! Que curioso que necesitemos un cadaver para montar la cena, que hace a\u00f1os tenemos pendiente.<br \/>\nLos humanos somos una raza curiosa y tirando a poco cuidadosa con los dem\u00e1s por no excederme en comentarios poco amables.<br \/>\nCuando uno se muere de cancer o de cualquier cosa fea de estas, est\u00e1 claro que no es su decisi\u00f3n, pero cuando uno se tira por el balc\u00f3n, la cosa est\u00e1 chunga. Es tu \u00fanica y exclusiva decisi\u00f3n la que pone punto final a un sufrimiento inmenso al que no ves ninguna salida y adem\u00e1s te sientes o est\u00e1s realmente solo. Hay gente que lamentablemente lo est\u00e1.<br \/>\nEsto lleva dando vueltas toda la tarde en mi cabeza como un incansable moscard\u00f3n y hace que recuerde a la ni\u00f1a de los calcetines a media pierna. \u00bfQu\u00e9 ha pasado entre la ni\u00f1a brillante que sacaba buenas notas y con extraordinario sentido del humor y la desolada se\u00f1ora de 52 a\u00f1os que se tira por el balc\u00f3n dejando a sus ancianos padres desconsolados?<br \/>\nPues ha pasado LA VIDA. La vida que a cada uno le dura lo que le dura, y no sabemos lo que nos est\u00e1 destinado. La vida que muchas veces vamos dejando transcurrir sin pena ni gloria esperando a que haga buen tiempo, a que se acaben los problemas, a que llegue la jubilaci\u00f3n y una larga lista de excusas para no salir a vivirla.<br \/>\nLa vida no espera a estas cosas ni a ninguna y la hemos de vivir hoy.<br \/>\nHe escuchado demasiadas veces a pacientes lamentarse de que quer\u00edan hacer tal o cual cosa al jubilarse, que llevaban nosecuantos a\u00f1os esperando y ahora les pasa tal o cual cosa y ya no pueden hacerlo&#8230;<br \/>\nSolo hay una forma de enfrentarse: la firme determinaci\u00f3n de vivir hoy.<br \/>\nLa firme determinaci\u00f3n de conservar y cuidar las amistades y los afectos que tenemos a nuestro alrededor y que siempre har\u00e1n que lo malo que aparezca sea m\u00e1s llevadero y dar\u00e1n un sentido a nuestras vidas sin necesidad de precipitarnos al vac\u00edo. O al menos as\u00ed lo espero.<\/p>\n<p>&nbsp;<\/p>\n<p style=\"text-align: center;\"><img decoding=\"async\" class=\"aligncenter\" title=\"Acupuntura Legorburu. Articulo de opini\u00f3n . Blog\" alt=\"Acupuntura_Legorburu_Blog_a vivir_que_son_dos_dias\" src=\"http:\/\/www.acupuntura-legorburu.com\/wp-content\/uploads\/2014\/04\/Acupuntura_Legorburu_Blog_a-vivir_que_son_dos_dias.jpg\" width=\"500\" height=\"333\" \/><\/p>\n","protected":false},"excerpt":{"rendered":"<p>Muchas veces o\u00edmos y decimos esta expresi\u00f3n, pero no se hasta que punto nos atrevemos a practicarla. Esta tarde al llegar a la consulta he recibido un correo de una compa\u00f1era de colegio, hab\u00edamos sido muy amigas durante la [&#8230;]<\/p>\n","protected":false},"author":1,"featured_media":2141,"comment_status":"open","ping_status":"open","sticky":false,"template":"","format":"standard","meta":{"ngg_post_thumbnail":0,"_joinchat":[],"footnotes":""},"categories":[91,1],"tags":[],"class_list":["post-2159","post","type-post","status-publish","format-standard","has-post-thumbnail","hentry","category-opinion-ca","category-ventosas"],"yoast_head":"<!-- This site is optimized with the Yoast SEO plugin v27.0 - https:\/\/yoast.com\/product\/yoast-seo-wordpress\/ -->\n<title>Acupuntura Legorburu | Articulo de opini\u00f3n | A vivir que son dos d\u00edas<\/title>\n<meta name=\"description\" content=\"Muchas veces o\u00edmos y decimos esta expresi\u00f3n, pero no se hasta que punto nos atrevemos a practicarla.\" \/>\n<meta name=\"robots\" content=\"index, follow, max-snippet:-1, max-image-preview:large, max-video-preview:-1\" \/>\n<link rel=\"canonical\" href=\"https:\/\/www.acupuntura-legorburu.com\/ca\/a-vivir-que-son-dos-dias-2\/\" \/>\n<meta property=\"og:locale\" content=\"ca_ES\" \/>\n<meta property=\"og:type\" content=\"article\" \/>\n<meta property=\"og:title\" content=\"Acupuntura Legorburu | Articulo de opini\u00f3n | A vivir que son dos d\u00edas\" \/>\n<meta property=\"og:description\" content=\"Muchas veces o\u00edmos y decimos esta expresi\u00f3n, pero no se hasta que punto nos atrevemos a practicarla.\" \/>\n<meta property=\"og:url\" content=\"https:\/\/www.acupuntura-legorburu.com\/ca\/a-vivir-que-son-dos-dias-2\/\" \/>\n<meta property=\"article:publisher\" content=\"https:\/\/www.facebook.com\/pages\/Cl%c3%adnica-de-acupuntura-de-la-Dra-Margarita-Legorburu\/126630064083783?fref=ts\" \/>\n<meta property=\"article:published_time\" content=\"2014-04-09T07:58:45+00:00\" \/>\n<meta property=\"article:modified_time\" content=\"2017-05-15T10:31:31+00:00\" \/>\n<meta property=\"og:image\" content=\"https:\/\/www.acupuntura-legorburu.com\/wp-content\/uploads\/2014\/04\/Banner_Blog_Acupuntura_Legorburu_Marga_Opinion_primavera.jpg\" \/>\n\t<meta property=\"og:image:width\" content=\"709\" \/>\n\t<meta property=\"og:image:height\" content=\"266\" \/>\n\t<meta property=\"og:image:type\" content=\"image\/jpeg\" \/>\n<meta name=\"author\" content=\"Margarita\" \/>\n<meta name=\"twitter:label1\" content=\"Escrit per\" \/>\n\t<meta name=\"twitter:data1\" content=\"Margarita\" \/>\n\t<meta name=\"twitter:label2\" content=\"Temps estimat de lectura\" \/>\n\t<meta name=\"twitter:data2\" content=\"3 minuts\" \/>\n<script type=\"application\/ld+json\" class=\"yoast-schema-graph\">{\"@context\":\"https:\/\/schema.org\",\"@graph\":[{\"@type\":\"Article\",\"@id\":\"https:\/\/www.acupuntura-legorburu.com\/ca\/a-vivir-que-son-dos-dias-2\/#article\",\"isPartOf\":{\"@id\":\"https:\/\/www.acupuntura-legorburu.com\/ca\/a-vivir-que-son-dos-dias-2\/\"},\"author\":{\"name\":\"Margarita\",\"@id\":\"https:\/\/www.acupuntura-legorburu.com\/#\/schema\/person\/db67d90abebf1b218e3e1cd91b930eb0\"},\"headline\":\"A vivir que son dos d\u00edas\",\"datePublished\":\"2014-04-09T07:58:45+00:00\",\"dateModified\":\"2017-05-15T10:31:31+00:00\",\"mainEntityOfPage\":{\"@id\":\"https:\/\/www.acupuntura-legorburu.com\/ca\/a-vivir-que-son-dos-dias-2\/\"},\"wordCount\":588,\"commentCount\":0,\"image\":{\"@id\":\"https:\/\/www.acupuntura-legorburu.com\/ca\/a-vivir-que-son-dos-dias-2\/#primaryimage\"},\"thumbnailUrl\":\"https:\/\/www.acupuntura-legorburu.com\/wp-content\/uploads\/2014\/04\/Banner_Blog_Acupuntura_Legorburu_Marga_Opinion_primavera.jpg\",\"articleSection\":[\"Opini\u00f3n @ca\",\"Ventosas\"],\"inLanguage\":\"ca\",\"potentialAction\":[{\"@type\":\"CommentAction\",\"name\":\"Comment\",\"target\":[\"https:\/\/www.acupuntura-legorburu.com\/ca\/a-vivir-que-son-dos-dias-2\/#respond\"]}]},{\"@type\":\"WebPage\",\"@id\":\"https:\/\/www.acupuntura-legorburu.com\/ca\/a-vivir-que-son-dos-dias-2\/\",\"url\":\"https:\/\/www.acupuntura-legorburu.com\/ca\/a-vivir-que-son-dos-dias-2\/\",\"name\":\"Acupuntura Legorburu | Articulo de opini\u00f3n | A vivir que son dos d\u00edas\",\"isPartOf\":{\"@id\":\"https:\/\/www.acupuntura-legorburu.com\/#website\"},\"primaryImageOfPage\":{\"@id\":\"https:\/\/www.acupuntura-legorburu.com\/ca\/a-vivir-que-son-dos-dias-2\/#primaryimage\"},\"image\":{\"@id\":\"https:\/\/www.acupuntura-legorburu.com\/ca\/a-vivir-que-son-dos-dias-2\/#primaryimage\"},\"thumbnailUrl\":\"https:\/\/www.acupuntura-legorburu.com\/wp-content\/uploads\/2014\/04\/Banner_Blog_Acupuntura_Legorburu_Marga_Opinion_primavera.jpg\",\"datePublished\":\"2014-04-09T07:58:45+00:00\",\"dateModified\":\"2017-05-15T10:31:31+00:00\",\"author\":{\"@id\":\"https:\/\/www.acupuntura-legorburu.com\/#\/schema\/person\/db67d90abebf1b218e3e1cd91b930eb0\"},\"description\":\"Muchas veces o\u00edmos y decimos esta expresi\u00f3n, pero no se hasta que punto nos atrevemos a practicarla.\",\"breadcrumb\":{\"@id\":\"https:\/\/www.acupuntura-legorburu.com\/ca\/a-vivir-que-son-dos-dias-2\/#breadcrumb\"},\"inLanguage\":\"ca\",\"potentialAction\":[{\"@type\":\"ReadAction\",\"target\":[\"https:\/\/www.acupuntura-legorburu.com\/ca\/a-vivir-que-son-dos-dias-2\/\"]}]},{\"@type\":\"ImageObject\",\"inLanguage\":\"ca\",\"@id\":\"https:\/\/www.acupuntura-legorburu.com\/ca\/a-vivir-que-son-dos-dias-2\/#primaryimage\",\"url\":\"https:\/\/www.acupuntura-legorburu.com\/wp-content\/uploads\/2014\/04\/Banner_Blog_Acupuntura_Legorburu_Marga_Opinion_primavera.jpg\",\"contentUrl\":\"https:\/\/www.acupuntura-legorburu.com\/wp-content\/uploads\/2014\/04\/Banner_Blog_Acupuntura_Legorburu_Marga_Opinion_primavera.jpg\",\"width\":709,\"height\":266},{\"@type\":\"BreadcrumbList\",\"@id\":\"https:\/\/www.acupuntura-legorburu.com\/ca\/a-vivir-que-son-dos-dias-2\/#breadcrumb\",\"itemListElement\":[{\"@type\":\"ListItem\",\"position\":1,\"name\":\"Portada\",\"item\":\"https:\/\/www.acupuntura-legorburu.com\/ca\/\"},{\"@type\":\"ListItem\",\"position\":2,\"name\":\"A vivir que son dos d\u00edas\"}]},{\"@type\":\"WebSite\",\"@id\":\"https:\/\/www.acupuntura-legorburu.com\/#website\",\"url\":\"https:\/\/www.acupuntura-legorburu.com\/\",\"name\":\"\",\"description\":\"\",\"potentialAction\":[{\"@type\":\"SearchAction\",\"target\":{\"@type\":\"EntryPoint\",\"urlTemplate\":\"https:\/\/www.acupuntura-legorburu.com\/?s={search_term_string}\"},\"query-input\":{\"@type\":\"PropertyValueSpecification\",\"valueRequired\":true,\"valueName\":\"search_term_string\"}}],\"inLanguage\":\"ca\"},{\"@type\":\"Person\",\"@id\":\"https:\/\/www.acupuntura-legorburu.com\/#\/schema\/person\/db67d90abebf1b218e3e1cd91b930eb0\",\"name\":\"Margarita\",\"url\":\"https:\/\/www.acupuntura-legorburu.com\/ca\/author\/margarita\/\"}]}<\/script>\n<!-- \/ Yoast SEO plugin. -->","yoast_head_json":{"title":"Acupuntura Legorburu | Articulo de opini\u00f3n | A vivir que son dos d\u00edas","description":"Muchas veces o\u00edmos y decimos esta expresi\u00f3n, pero no se hasta que punto nos atrevemos a practicarla.","robots":{"index":"index","follow":"follow","max-snippet":"max-snippet:-1","max-image-preview":"max-image-preview:large","max-video-preview":"max-video-preview:-1"},"canonical":"https:\/\/www.acupuntura-legorburu.com\/ca\/a-vivir-que-son-dos-dias-2\/","og_locale":"ca_ES","og_type":"article","og_title":"Acupuntura Legorburu | Articulo de opini\u00f3n | A vivir que son dos d\u00edas","og_description":"Muchas veces o\u00edmos y decimos esta expresi\u00f3n, pero no se hasta que punto nos atrevemos a practicarla.","og_url":"https:\/\/www.acupuntura-legorburu.com\/ca\/a-vivir-que-son-dos-dias-2\/","article_publisher":"https:\/\/www.facebook.com\/pages\/Cl%c3%adnica-de-acupuntura-de-la-Dra-Margarita-Legorburu\/126630064083783?fref=ts","article_published_time":"2014-04-09T07:58:45+00:00","article_modified_time":"2017-05-15T10:31:31+00:00","og_image":[{"width":709,"height":266,"url":"https:\/\/www.acupuntura-legorburu.com\/wp-content\/uploads\/2014\/04\/Banner_Blog_Acupuntura_Legorburu_Marga_Opinion_primavera.jpg","type":"image\/jpeg"}],"author":"Margarita","twitter_misc":{"Escrit per":"Margarita","Temps estimat de lectura":"3 minuts"},"schema":{"@context":"https:\/\/schema.org","@graph":[{"@type":"Article","@id":"https:\/\/www.acupuntura-legorburu.com\/ca\/a-vivir-que-son-dos-dias-2\/#article","isPartOf":{"@id":"https:\/\/www.acupuntura-legorburu.com\/ca\/a-vivir-que-son-dos-dias-2\/"},"author":{"name":"Margarita","@id":"https:\/\/www.acupuntura-legorburu.com\/#\/schema\/person\/db67d90abebf1b218e3e1cd91b930eb0"},"headline":"A vivir que son dos d\u00edas","datePublished":"2014-04-09T07:58:45+00:00","dateModified":"2017-05-15T10:31:31+00:00","mainEntityOfPage":{"@id":"https:\/\/www.acupuntura-legorburu.com\/ca\/a-vivir-que-son-dos-dias-2\/"},"wordCount":588,"commentCount":0,"image":{"@id":"https:\/\/www.acupuntura-legorburu.com\/ca\/a-vivir-que-son-dos-dias-2\/#primaryimage"},"thumbnailUrl":"https:\/\/www.acupuntura-legorburu.com\/wp-content\/uploads\/2014\/04\/Banner_Blog_Acupuntura_Legorburu_Marga_Opinion_primavera.jpg","articleSection":["Opini\u00f3n @ca","Ventosas"],"inLanguage":"ca","potentialAction":[{"@type":"CommentAction","name":"Comment","target":["https:\/\/www.acupuntura-legorburu.com\/ca\/a-vivir-que-son-dos-dias-2\/#respond"]}]},{"@type":"WebPage","@id":"https:\/\/www.acupuntura-legorburu.com\/ca\/a-vivir-que-son-dos-dias-2\/","url":"https:\/\/www.acupuntura-legorburu.com\/ca\/a-vivir-que-son-dos-dias-2\/","name":"Acupuntura Legorburu | Articulo de opini\u00f3n | A vivir que son dos d\u00edas","isPartOf":{"@id":"https:\/\/www.acupuntura-legorburu.com\/#website"},"primaryImageOfPage":{"@id":"https:\/\/www.acupuntura-legorburu.com\/ca\/a-vivir-que-son-dos-dias-2\/#primaryimage"},"image":{"@id":"https:\/\/www.acupuntura-legorburu.com\/ca\/a-vivir-que-son-dos-dias-2\/#primaryimage"},"thumbnailUrl":"https:\/\/www.acupuntura-legorburu.com\/wp-content\/uploads\/2014\/04\/Banner_Blog_Acupuntura_Legorburu_Marga_Opinion_primavera.jpg","datePublished":"2014-04-09T07:58:45+00:00","dateModified":"2017-05-15T10:31:31+00:00","author":{"@id":"https:\/\/www.acupuntura-legorburu.com\/#\/schema\/person\/db67d90abebf1b218e3e1cd91b930eb0"},"description":"Muchas veces o\u00edmos y decimos esta expresi\u00f3n, pero no se hasta que punto nos atrevemos a practicarla.","breadcrumb":{"@id":"https:\/\/www.acupuntura-legorburu.com\/ca\/a-vivir-que-son-dos-dias-2\/#breadcrumb"},"inLanguage":"ca","potentialAction":[{"@type":"ReadAction","target":["https:\/\/www.acupuntura-legorburu.com\/ca\/a-vivir-que-son-dos-dias-2\/"]}]},{"@type":"ImageObject","inLanguage":"ca","@id":"https:\/\/www.acupuntura-legorburu.com\/ca\/a-vivir-que-son-dos-dias-2\/#primaryimage","url":"https:\/\/www.acupuntura-legorburu.com\/wp-content\/uploads\/2014\/04\/Banner_Blog_Acupuntura_Legorburu_Marga_Opinion_primavera.jpg","contentUrl":"https:\/\/www.acupuntura-legorburu.com\/wp-content\/uploads\/2014\/04\/Banner_Blog_Acupuntura_Legorburu_Marga_Opinion_primavera.jpg","width":709,"height":266},{"@type":"BreadcrumbList","@id":"https:\/\/www.acupuntura-legorburu.com\/ca\/a-vivir-que-son-dos-dias-2\/#breadcrumb","itemListElement":[{"@type":"ListItem","position":1,"name":"Portada","item":"https:\/\/www.acupuntura-legorburu.com\/ca\/"},{"@type":"ListItem","position":2,"name":"A vivir que son dos d\u00edas"}]},{"@type":"WebSite","@id":"https:\/\/www.acupuntura-legorburu.com\/#website","url":"https:\/\/www.acupuntura-legorburu.com\/","name":"","description":"","potentialAction":[{"@type":"SearchAction","target":{"@type":"EntryPoint","urlTemplate":"https:\/\/www.acupuntura-legorburu.com\/?s={search_term_string}"},"query-input":{"@type":"PropertyValueSpecification","valueRequired":true,"valueName":"search_term_string"}}],"inLanguage":"ca"},{"@type":"Person","@id":"https:\/\/www.acupuntura-legorburu.com\/#\/schema\/person\/db67d90abebf1b218e3e1cd91b930eb0","name":"Margarita","url":"https:\/\/www.acupuntura-legorburu.com\/ca\/author\/margarita\/"}]}},"_links":{"self":[{"href":"https:\/\/www.acupuntura-legorburu.com\/ca\/wp-json\/wp\/v2\/posts\/2159","targetHints":{"allow":["GET"]}}],"collection":[{"href":"https:\/\/www.acupuntura-legorburu.com\/ca\/wp-json\/wp\/v2\/posts"}],"about":[{"href":"https:\/\/www.acupuntura-legorburu.com\/ca\/wp-json\/wp\/v2\/types\/post"}],"author":[{"embeddable":true,"href":"https:\/\/www.acupuntura-legorburu.com\/ca\/wp-json\/wp\/v2\/users\/1"}],"replies":[{"embeddable":true,"href":"https:\/\/www.acupuntura-legorburu.com\/ca\/wp-json\/wp\/v2\/comments?post=2159"}],"version-history":[{"count":4,"href":"https:\/\/www.acupuntura-legorburu.com\/ca\/wp-json\/wp\/v2\/posts\/2159\/revisions"}],"predecessor-version":[{"id":2167,"href":"https:\/\/www.acupuntura-legorburu.com\/ca\/wp-json\/wp\/v2\/posts\/2159\/revisions\/2167"}],"wp:featuredmedia":[{"embeddable":true,"href":"https:\/\/www.acupuntura-legorburu.com\/ca\/wp-json\/wp\/v2\/media\/2141"}],"wp:attachment":[{"href":"https:\/\/www.acupuntura-legorburu.com\/ca\/wp-json\/wp\/v2\/media?parent=2159"}],"wp:term":[{"taxonomy":"category","embeddable":true,"href":"https:\/\/www.acupuntura-legorburu.com\/ca\/wp-json\/wp\/v2\/categories?post=2159"},{"taxonomy":"post_tag","embeddable":true,"href":"https:\/\/www.acupuntura-legorburu.com\/ca\/wp-json\/wp\/v2\/tags?post=2159"}],"curies":[{"name":"wp","href":"https:\/\/api.w.org\/{rel}","templated":true}]}}