{"id":10154,"date":"2019-10-03T19:00:58","date_gmt":"2019-10-03T17:00:58","guid":{"rendered":"https:\/\/www.acupuntura-legorburu.com\/?p=10154"},"modified":"2019-10-07T12:03:57","modified_gmt":"2019-10-07T10:03:57","slug":"together-in-medicine-integrative","status":"publish","type":"post","link":"https:\/\/www.acupuntura-legorburu.com\/ca\/together-in-medicine-integrative\/","title":{"rendered":"Together in medicine integrative"},"content":{"rendered":"<p><img decoding=\"async\" class=\"size-full wp-image-10135 aligncenter\" src=\"https:\/\/www.acupuntura-legorburu.com\/wp-content\/uploads\/2019\/10\/12-european-congress-of-integrative-medicine.jpg\" alt=\"\" width=\"646\" height=\"266\" srcset=\"https:\/\/www.acupuntura-legorburu.com\/wp-content\/uploads\/2019\/10\/12-european-congress-of-integrative-medicine-200x82.jpg 200w, https:\/\/www.acupuntura-legorburu.com\/wp-content\/uploads\/2019\/10\/12-european-congress-of-integrative-medicine-300x124.jpg 300w, https:\/\/www.acupuntura-legorburu.com\/wp-content\/uploads\/2019\/10\/12-european-congress-of-integrative-medicine-400x165.jpg 400w, https:\/\/www.acupuntura-legorburu.com\/wp-content\/uploads\/2019\/10\/12-european-congress-of-integrative-medicine-600x247.jpg 600w, https:\/\/www.acupuntura-legorburu.com\/wp-content\/uploads\/2019\/10\/12-european-congress-of-integrative-medicine.jpg 646w\" sizes=\"(max-width: 646px) 100vw, 646px\" \/><\/p>\n<p>&nbsp;<\/p>\n<p style=\"text-align: justify;\">Ha sido un placer formar parte del comit\u00e9 organizador del <a href=\"https:\/\/ecim2019-barcelona.sesmi.es\/\" target=\"_blank\" rel=\"noopener noreferrer\"><strong>12\u00ba Congreso Internacional de Medicina Integrativa y 2\u00ba nacional.<\/strong><\/a><\/p>\n<p style=\"text-align: justify;\">Agradezco a <a href=\"https:\/\/sesmi.es\/\" target=\"_blank\" rel=\"noopener noreferrer\"><strong>SESMI<\/strong> <\/a>(sociedad espa\u00f1ola de medicina integrativa) su confianza.<\/p>\n<p style=\"text-align: justify;\">Escribo este post poco despu\u00e9s porque el subid\u00f3n de adrenalina y endorfinas se ha de aprovechar.<\/p>\n<p style=\"text-align: justify;\"><a href=\"https:\/\/www.medicapanamericana.com\/libro\/Oncologia-Integrativa-incluye-version-digital?gclid=EAIaIQobChMIhaCD28n-5AIVDFPTCh0K7wP7EAkYAiABEgLwz_D_BwE\" target=\"_blank\" rel=\"noopener noreferrer\"><img decoding=\"async\" class=\"alignright wp-image-10149\" src=\"https:\/\/www.acupuntura-legorburu.com\/wp-content\/uploads\/2019\/10\/oncologia-integrativa-manual-basico-y-clinico-400x586.jpg\" alt=\"\" width=\"300\" height=\"439\" srcset=\"https:\/\/www.acupuntura-legorburu.com\/wp-content\/uploads\/2019\/10\/oncologia-integrativa-manual-basico-y-clinico-200x293.jpg 200w, https:\/\/www.acupuntura-legorburu.com\/wp-content\/uploads\/2019\/10\/oncologia-integrativa-manual-basico-y-clinico-205x300.jpg 205w, https:\/\/www.acupuntura-legorburu.com\/wp-content\/uploads\/2019\/10\/oncologia-integrativa-manual-basico-y-clinico-400x586.jpg 400w, https:\/\/www.acupuntura-legorburu.com\/wp-content\/uploads\/2019\/10\/oncologia-integrativa-manual-basico-y-clinico.jpg 600w\" sizes=\"(max-width: 300px) 100vw, 300px\" \/><\/a>He sentido la satisfacci\u00f3n de \u201cpertenecer a algo m\u00e1s grande\u201d y queda claro para mi, que esta es la salida para el bucle en que nos han metido a los sanitarios que practicamos medicinas complementarias.<\/p>\n<p style=\"text-align: justify;\">Todos juntos y a nivel internacional, es imparable.<\/p>\n<p style=\"text-align: justify;\">Impresionada por el nivel cient\u00edfico alt\u00edsimo de ponentes, comunicaciones, etc. Por el ambiente alegre y de compa\u00f1erismo.<\/p>\n<p style=\"text-align: justify;\">Gente que casi ni se conoce haciendo lo mejor que sabe por el bien com\u00fan.<\/p>\n<p style=\"text-align: justify;\">Se ha presentado un libro de <a href=\"https:\/\/www.medicapanamericana.com\/libro\/Oncologia-Integrativa-incluye-version-digital?gclid=EAIaIQobChMIhaCD28n-5AIVDFPTCh0K7wP7EAkYAiABEgLwz_D_BwE\" target=\"_blank\" rel=\"noopener noreferrer\"><strong>ocolog\u00eda integrativa<\/strong><\/a>, se han firmado colaboraciones interesantes, despliegue de laboratorios dando soporte&#8230;<\/p>\n<p style=\"text-align: justify;\">Un lujo haber sido parte de un evento en el que circul\u00e1bamos por all\u00ed casi 600 personas y representados 45 pa\u00edses.<\/p>\n<p style=\"text-align: justify;\">Sin duda seguiremos por esta v\u00eda.<\/p>\n<p><img decoding=\"async\" class=\"size-full wp-image-10143 aligncenter\" src=\"https:\/\/www.acupuntura-legorburu.com\/wp-content\/uploads\/2019\/10\/12-congreso-internacional-de-medicina-integrativa-3.jpg\" alt=\"\" width=\"480\" height=\"546\" srcset=\"https:\/\/www.acupuntura-legorburu.com\/wp-content\/uploads\/2019\/10\/12-congreso-internacional-de-medicina-integrativa-3-200x228.jpg 200w, https:\/\/www.acupuntura-legorburu.com\/wp-content\/uploads\/2019\/10\/12-congreso-internacional-de-medicina-integrativa-3-264x300.jpg 264w, https:\/\/www.acupuntura-legorburu.com\/wp-content\/uploads\/2019\/10\/12-congreso-internacional-de-medicina-integrativa-3-400x455.jpg 400w, https:\/\/www.acupuntura-legorburu.com\/wp-content\/uploads\/2019\/10\/12-congreso-internacional-de-medicina-integrativa-3.jpg 480w\" sizes=\"(max-width: 480px) 100vw, 480px\" \/><br \/>\n&nbsp;<\/p>\n<p><img decoding=\"async\" class=\"size-full wp-image-10156 aligncenter\" src=\"https:\/\/www.acupuntura-legorburu.com\/wp-content\/uploads\/2019\/10\/12-congreso-internacional-de-medicina-integrativa-6.jpg\" alt=\"\" width=\"800\" height=\"532\" srcset=\"https:\/\/www.acupuntura-legorburu.com\/wp-content\/uploads\/2019\/10\/12-congreso-internacional-de-medicina-integrativa-6-200x133.jpg 200w, https:\/\/www.acupuntura-legorburu.com\/wp-content\/uploads\/2019\/10\/12-congreso-internacional-de-medicina-integrativa-6-300x200.jpg 300w, https:\/\/www.acupuntura-legorburu.com\/wp-content\/uploads\/2019\/10\/12-congreso-internacional-de-medicina-integrativa-6-400x266.jpg 400w, https:\/\/www.acupuntura-legorburu.com\/wp-content\/uploads\/2019\/10\/12-congreso-internacional-de-medicina-integrativa-6-600x399.jpg 600w, https:\/\/www.acupuntura-legorburu.com\/wp-content\/uploads\/2019\/10\/12-congreso-internacional-de-medicina-integrativa-6-768x511.jpg 768w, https:\/\/www.acupuntura-legorburu.com\/wp-content\/uploads\/2019\/10\/12-congreso-internacional-de-medicina-integrativa-6.jpg 800w\" sizes=\"(max-width: 800px) 100vw, 800px\" \/><\/p>\n<p>&nbsp;<br \/>\n<img decoding=\"async\" class=\"size-full wp-image-10147 aligncenter\" src=\"https:\/\/www.acupuntura-legorburu.com\/wp-content\/uploads\/2019\/10\/12-congreso-internacional-de-medicina-integrativa-1.jpg\" alt=\"\" width=\"800\" height=\"533\" srcset=\"https:\/\/www.acupuntura-legorburu.com\/wp-content\/uploads\/2019\/10\/12-congreso-internacional-de-medicina-integrativa-1-200x133.jpg 200w, https:\/\/www.acupuntura-legorburu.com\/wp-content\/uploads\/2019\/10\/12-congreso-internacional-de-medicina-integrativa-1-300x200.jpg 300w, https:\/\/www.acupuntura-legorburu.com\/wp-content\/uploads\/2019\/10\/12-congreso-internacional-de-medicina-integrativa-1-400x267.jpg 400w, https:\/\/www.acupuntura-legorburu.com\/wp-content\/uploads\/2019\/10\/12-congreso-internacional-de-medicina-integrativa-1-600x400.jpg 600w, https:\/\/www.acupuntura-legorburu.com\/wp-content\/uploads\/2019\/10\/12-congreso-internacional-de-medicina-integrativa-1-768x512.jpg 768w, https:\/\/www.acupuntura-legorburu.com\/wp-content\/uploads\/2019\/10\/12-congreso-internacional-de-medicina-integrativa-1.jpg 800w\" sizes=\"(max-width: 800px) 100vw, 800px\" \/><br \/>\n&nbsp;<br \/>\n<img decoding=\"async\" class=\"size-full wp-image-10145 aligncenter\" src=\"https:\/\/www.acupuntura-legorburu.com\/wp-content\/uploads\/2019\/10\/12-congreso-internacional-de-medicina-integrativa-2.jpg\" alt=\"\" width=\"480\" height=\"595\" srcset=\"https:\/\/www.acupuntura-legorburu.com\/wp-content\/uploads\/2019\/10\/12-congreso-internacional-de-medicina-integrativa-2-200x248.jpg 200w, https:\/\/www.acupuntura-legorburu.com\/wp-content\/uploads\/2019\/10\/12-congreso-internacional-de-medicina-integrativa-2-242x300.jpg 242w, https:\/\/www.acupuntura-legorburu.com\/wp-content\/uploads\/2019\/10\/12-congreso-internacional-de-medicina-integrativa-2-400x496.jpg 400w, https:\/\/www.acupuntura-legorburu.com\/wp-content\/uploads\/2019\/10\/12-congreso-internacional-de-medicina-integrativa-2.jpg 480w\" sizes=\"(max-width: 480px) 100vw, 480px\" \/><\/p>\n<p>&nbsp;<br \/>\n<img decoding=\"async\" class=\"size-full wp-image-10141 aligncenter\" src=\"https:\/\/www.acupuntura-legorburu.com\/wp-content\/uploads\/2019\/10\/12-congreso-internacional-de-medicina-integrativa-4.jpg\" alt=\"\" width=\"800\" height=\"574\" srcset=\"https:\/\/www.acupuntura-legorburu.com\/wp-content\/uploads\/2019\/10\/12-congreso-internacional-de-medicina-integrativa-4-200x144.jpg 200w, https:\/\/www.acupuntura-legorburu.com\/wp-content\/uploads\/2019\/10\/12-congreso-internacional-de-medicina-integrativa-4-300x214.jpg 300w, https:\/\/www.acupuntura-legorburu.com\/wp-content\/uploads\/2019\/10\/12-congreso-internacional-de-medicina-integrativa-4-400x287.jpg 400w, https:\/\/www.acupuntura-legorburu.com\/wp-content\/uploads\/2019\/10\/12-congreso-internacional-de-medicina-integrativa-4-600x431.jpg 600w, https:\/\/www.acupuntura-legorburu.com\/wp-content\/uploads\/2019\/10\/12-congreso-internacional-de-medicina-integrativa-4-768x551.jpg 768w, https:\/\/www.acupuntura-legorburu.com\/wp-content\/uploads\/2019\/10\/12-congreso-internacional-de-medicina-integrativa-4.jpg 800w\" sizes=\"(max-width: 800px) 100vw, 800px\" \/><br \/>\n&nbsp;<br \/>\n<img decoding=\"async\" class=\"size-full wp-image-10139 aligncenter\" src=\"https:\/\/www.acupuntura-legorburu.com\/wp-content\/uploads\/2019\/10\/12-congreso-internacional-de-medicina-integrativa-5.jpg\" alt=\"\" width=\"800\" height=\"535\" srcset=\"https:\/\/www.acupuntura-legorburu.com\/wp-content\/uploads\/2019\/10\/12-congreso-internacional-de-medicina-integrativa-5-200x134.jpg 200w, https:\/\/www.acupuntura-legorburu.com\/wp-content\/uploads\/2019\/10\/12-congreso-internacional-de-medicina-integrativa-5-300x201.jpg 300w, https:\/\/www.acupuntura-legorburu.com\/wp-content\/uploads\/2019\/10\/12-congreso-internacional-de-medicina-integrativa-5-400x268.jpg 400w, https:\/\/www.acupuntura-legorburu.com\/wp-content\/uploads\/2019\/10\/12-congreso-internacional-de-medicina-integrativa-5-600x401.jpg 600w, https:\/\/www.acupuntura-legorburu.com\/wp-content\/uploads\/2019\/10\/12-congreso-internacional-de-medicina-integrativa-5-768x514.jpg 768w, https:\/\/www.acupuntura-legorburu.com\/wp-content\/uploads\/2019\/10\/12-congreso-internacional-de-medicina-integrativa-5.jpg 800w\" sizes=\"(max-width: 800px) 100vw, 800px\" \/><\/p>\n<p>&nbsp;<\/p>\n","protected":false},"excerpt":{"rendered":"<p>&nbsp; Ha sido un placer formar parte del comit\u00e9 organizador del 12\u00ba Congreso Internacional de Medicina Integrativa y 2\u00ba nacional. Agradezco a SESMI (sociedad espa\u00f1ola de medicina integrativa) su confianza. Escribo este post poco despu\u00e9s porque el subid\u00f3n de [&#8230;]<\/p>\n","protected":false},"author":1,"featured_media":10136,"comment_status":"open","ping_status":"open","sticky":false,"template":"","format":"standard","meta":{"ngg_post_thumbnail":0,"_joinchat":[],"footnotes":""},"categories":[196,100],"tags":[309,310,311],"class_list":["post-10154","post","type-post","status-publish","format-standard","has-post-thumbnail","hentry","category-medicina-integrativa-ca","category-noticias-ca","tag-12o-congreso-internacional-de-medicina-integrativa-ca","tag-ocologia-integrativa-ca","tag-sesmi-ca"],"yoast_head":"<!-- This site is optimized with the Yoast SEO plugin v27.0 - https:\/\/yoast.com\/product\/yoast-seo-wordpress\/ -->\n<title>Together in medicine integrative -<\/title>\n<meta name=\"robots\" content=\"index, follow, max-snippet:-1, max-image-preview:large, max-video-preview:-1\" \/>\n<link rel=\"canonical\" href=\"https:\/\/www.acupuntura-legorburu.com\/ca\/together-in-medicine-integrative\/\" \/>\n<meta property=\"og:locale\" content=\"ca_ES\" \/>\n<meta property=\"og:type\" content=\"article\" \/>\n<meta property=\"og:title\" content=\"Together in medicine integrative -\" \/>\n<meta property=\"og:description\" content=\"&nbsp; Ha sido un placer formar parte del comit\u00e9 organizador del 12\u00ba Congreso Internacional de Medicina Integrativa y 2\u00ba nacional. Agradezco a SESMI (sociedad espa\u00f1ola de medicina integrativa) su confianza. Escribo este post poco despu\u00e9s porque el subid\u00f3n de [...]\" \/>\n<meta property=\"og:url\" content=\"https:\/\/www.acupuntura-legorburu.com\/ca\/together-in-medicine-integrative\/\" \/>\n<meta property=\"article:publisher\" content=\"https:\/\/www.facebook.com\/pages\/Cl%c3%adnica-de-acupuntura-de-la-Dra-Margarita-Legorburu\/126630064083783?fref=ts\" \/>\n<meta property=\"article:published_time\" content=\"2019-10-03T17:00:58+00:00\" \/>\n<meta property=\"article:modified_time\" content=\"2019-10-07T10:03:57+00:00\" \/>\n<meta property=\"og:image\" content=\"https:\/\/www.acupuntura-legorburu.com\/wp-content\/uploads\/2019\/10\/12-european-congress-of-integrative-medicine.jpg\" \/>\n\t<meta property=\"og:image:width\" content=\"646\" \/>\n\t<meta property=\"og:image:height\" content=\"266\" \/>\n\t<meta property=\"og:image:type\" content=\"image\/jpeg\" \/>\n<meta name=\"author\" content=\"Margarita\" \/>\n<meta name=\"twitter:label1\" content=\"Escrit per\" \/>\n\t<meta name=\"twitter:data1\" content=\"Margarita\" \/>\n\t<meta name=\"twitter:label2\" content=\"Temps estimat de lectura\" \/>\n\t<meta name=\"twitter:data2\" content=\"1 minut\" \/>\n<script type=\"application\/ld+json\" class=\"yoast-schema-graph\">{\"@context\":\"https:\/\/schema.org\",\"@graph\":[{\"@type\":\"Article\",\"@id\":\"https:\/\/www.acupuntura-legorburu.com\/ca\/together-in-medicine-integrative\/#article\",\"isPartOf\":{\"@id\":\"https:\/\/www.acupuntura-legorburu.com\/ca\/together-in-medicine-integrative\/\"},\"author\":{\"name\":\"Margarita\",\"@id\":\"https:\/\/www.acupuntura-legorburu.com\/#\/schema\/person\/db67d90abebf1b218e3e1cd91b930eb0\"},\"headline\":\"Together in medicine integrative\",\"datePublished\":\"2019-10-03T17:00:58+00:00\",\"dateModified\":\"2019-10-07T10:03:57+00:00\",\"mainEntityOfPage\":{\"@id\":\"https:\/\/www.acupuntura-legorburu.com\/ca\/together-in-medicine-integrative\/\"},\"wordCount\":185,\"commentCount\":0,\"image\":{\"@id\":\"https:\/\/www.acupuntura-legorburu.com\/ca\/together-in-medicine-integrative\/#primaryimage\"},\"thumbnailUrl\":\"https:\/\/www.acupuntura-legorburu.com\/wp-content\/uploads\/2019\/10\/12-european-congress-of-integrative-medicine.jpg\",\"keywords\":[\"12\u00ba Congreso Internacional de Medicina Integrativa\",\"ocolog\u00eda integrativa\",\"SESMI\"],\"articleSection\":[\"Medicina Integrativa\",\"Noticias @ca\"],\"inLanguage\":\"ca\",\"potentialAction\":[{\"@type\":\"CommentAction\",\"name\":\"Comment\",\"target\":[\"https:\/\/www.acupuntura-legorburu.com\/ca\/together-in-medicine-integrative\/#respond\"]}]},{\"@type\":\"WebPage\",\"@id\":\"https:\/\/www.acupuntura-legorburu.com\/ca\/together-in-medicine-integrative\/\",\"url\":\"https:\/\/www.acupuntura-legorburu.com\/ca\/together-in-medicine-integrative\/\",\"name\":\"Together in medicine integrative -\",\"isPartOf\":{\"@id\":\"https:\/\/www.acupuntura-legorburu.com\/#website\"},\"primaryImageOfPage\":{\"@id\":\"https:\/\/www.acupuntura-legorburu.com\/ca\/together-in-medicine-integrative\/#primaryimage\"},\"image\":{\"@id\":\"https:\/\/www.acupuntura-legorburu.com\/ca\/together-in-medicine-integrative\/#primaryimage\"},\"thumbnailUrl\":\"https:\/\/www.acupuntura-legorburu.com\/wp-content\/uploads\/2019\/10\/12-european-congress-of-integrative-medicine.jpg\",\"datePublished\":\"2019-10-03T17:00:58+00:00\",\"dateModified\":\"2019-10-07T10:03:57+00:00\",\"author\":{\"@id\":\"https:\/\/www.acupuntura-legorburu.com\/#\/schema\/person\/db67d90abebf1b218e3e1cd91b930eb0\"},\"breadcrumb\":{\"@id\":\"https:\/\/www.acupuntura-legorburu.com\/ca\/together-in-medicine-integrative\/#breadcrumb\"},\"inLanguage\":\"ca\",\"potentialAction\":[{\"@type\":\"ReadAction\",\"target\":[\"https:\/\/www.acupuntura-legorburu.com\/ca\/together-in-medicine-integrative\/\"]}]},{\"@type\":\"ImageObject\",\"inLanguage\":\"ca\",\"@id\":\"https:\/\/www.acupuntura-legorburu.com\/ca\/together-in-medicine-integrative\/#primaryimage\",\"url\":\"https:\/\/www.acupuntura-legorburu.com\/wp-content\/uploads\/2019\/10\/12-european-congress-of-integrative-medicine.jpg\",\"contentUrl\":\"https:\/\/www.acupuntura-legorburu.com\/wp-content\/uploads\/2019\/10\/12-european-congress-of-integrative-medicine.jpg\",\"width\":646,\"height\":266},{\"@type\":\"BreadcrumbList\",\"@id\":\"https:\/\/www.acupuntura-legorburu.com\/ca\/together-in-medicine-integrative\/#breadcrumb\",\"itemListElement\":[{\"@type\":\"ListItem\",\"position\":1,\"name\":\"Portada\",\"item\":\"https:\/\/www.acupuntura-legorburu.com\/ca\/\"},{\"@type\":\"ListItem\",\"position\":2,\"name\":\"Together in medicine integrative\"}]},{\"@type\":\"WebSite\",\"@id\":\"https:\/\/www.acupuntura-legorburu.com\/#website\",\"url\":\"https:\/\/www.acupuntura-legorburu.com\/\",\"name\":\"\",\"description\":\"\",\"potentialAction\":[{\"@type\":\"SearchAction\",\"target\":{\"@type\":\"EntryPoint\",\"urlTemplate\":\"https:\/\/www.acupuntura-legorburu.com\/?s={search_term_string}\"},\"query-input\":{\"@type\":\"PropertyValueSpecification\",\"valueRequired\":true,\"valueName\":\"search_term_string\"}}],\"inLanguage\":\"ca\"},{\"@type\":\"Person\",\"@id\":\"https:\/\/www.acupuntura-legorburu.com\/#\/schema\/person\/db67d90abebf1b218e3e1cd91b930eb0\",\"name\":\"Margarita\",\"url\":\"https:\/\/www.acupuntura-legorburu.com\/ca\/author\/margarita\/\"}]}<\/script>\n<!-- \/ Yoast SEO plugin. -->","yoast_head_json":{"title":"Together in medicine integrative -","robots":{"index":"index","follow":"follow","max-snippet":"max-snippet:-1","max-image-preview":"max-image-preview:large","max-video-preview":"max-video-preview:-1"},"canonical":"https:\/\/www.acupuntura-legorburu.com\/ca\/together-in-medicine-integrative\/","og_locale":"ca_ES","og_type":"article","og_title":"Together in medicine integrative -","og_description":"&nbsp; Ha sido un placer formar parte del comit\u00e9 organizador del 12\u00ba Congreso Internacional de Medicina Integrativa y 2\u00ba nacional. Agradezco a SESMI (sociedad espa\u00f1ola de medicina integrativa) su confianza. Escribo este post poco despu\u00e9s porque el subid\u00f3n de [...]","og_url":"https:\/\/www.acupuntura-legorburu.com\/ca\/together-in-medicine-integrative\/","article_publisher":"https:\/\/www.facebook.com\/pages\/Cl%c3%adnica-de-acupuntura-de-la-Dra-Margarita-Legorburu\/126630064083783?fref=ts","article_published_time":"2019-10-03T17:00:58+00:00","article_modified_time":"2019-10-07T10:03:57+00:00","og_image":[{"width":646,"height":266,"url":"https:\/\/www.acupuntura-legorburu.com\/wp-content\/uploads\/2019\/10\/12-european-congress-of-integrative-medicine.jpg","type":"image\/jpeg"}],"author":"Margarita","twitter_misc":{"Escrit per":"Margarita","Temps estimat de lectura":"1 minut"},"schema":{"@context":"https:\/\/schema.org","@graph":[{"@type":"Article","@id":"https:\/\/www.acupuntura-legorburu.com\/ca\/together-in-medicine-integrative\/#article","isPartOf":{"@id":"https:\/\/www.acupuntura-legorburu.com\/ca\/together-in-medicine-integrative\/"},"author":{"name":"Margarita","@id":"https:\/\/www.acupuntura-legorburu.com\/#\/schema\/person\/db67d90abebf1b218e3e1cd91b930eb0"},"headline":"Together in medicine integrative","datePublished":"2019-10-03T17:00:58+00:00","dateModified":"2019-10-07T10:03:57+00:00","mainEntityOfPage":{"@id":"https:\/\/www.acupuntura-legorburu.com\/ca\/together-in-medicine-integrative\/"},"wordCount":185,"commentCount":0,"image":{"@id":"https:\/\/www.acupuntura-legorburu.com\/ca\/together-in-medicine-integrative\/#primaryimage"},"thumbnailUrl":"https:\/\/www.acupuntura-legorburu.com\/wp-content\/uploads\/2019\/10\/12-european-congress-of-integrative-medicine.jpg","keywords":["12\u00ba Congreso Internacional de Medicina Integrativa","ocolog\u00eda integrativa","SESMI"],"articleSection":["Medicina Integrativa","Noticias @ca"],"inLanguage":"ca","potentialAction":[{"@type":"CommentAction","name":"Comment","target":["https:\/\/www.acupuntura-legorburu.com\/ca\/together-in-medicine-integrative\/#respond"]}]},{"@type":"WebPage","@id":"https:\/\/www.acupuntura-legorburu.com\/ca\/together-in-medicine-integrative\/","url":"https:\/\/www.acupuntura-legorburu.com\/ca\/together-in-medicine-integrative\/","name":"Together in medicine integrative -","isPartOf":{"@id":"https:\/\/www.acupuntura-legorburu.com\/#website"},"primaryImageOfPage":{"@id":"https:\/\/www.acupuntura-legorburu.com\/ca\/together-in-medicine-integrative\/#primaryimage"},"image":{"@id":"https:\/\/www.acupuntura-legorburu.com\/ca\/together-in-medicine-integrative\/#primaryimage"},"thumbnailUrl":"https:\/\/www.acupuntura-legorburu.com\/wp-content\/uploads\/2019\/10\/12-european-congress-of-integrative-medicine.jpg","datePublished":"2019-10-03T17:00:58+00:00","dateModified":"2019-10-07T10:03:57+00:00","author":{"@id":"https:\/\/www.acupuntura-legorburu.com\/#\/schema\/person\/db67d90abebf1b218e3e1cd91b930eb0"},"breadcrumb":{"@id":"https:\/\/www.acupuntura-legorburu.com\/ca\/together-in-medicine-integrative\/#breadcrumb"},"inLanguage":"ca","potentialAction":[{"@type":"ReadAction","target":["https:\/\/www.acupuntura-legorburu.com\/ca\/together-in-medicine-integrative\/"]}]},{"@type":"ImageObject","inLanguage":"ca","@id":"https:\/\/www.acupuntura-legorburu.com\/ca\/together-in-medicine-integrative\/#primaryimage","url":"https:\/\/www.acupuntura-legorburu.com\/wp-content\/uploads\/2019\/10\/12-european-congress-of-integrative-medicine.jpg","contentUrl":"https:\/\/www.acupuntura-legorburu.com\/wp-content\/uploads\/2019\/10\/12-european-congress-of-integrative-medicine.jpg","width":646,"height":266},{"@type":"BreadcrumbList","@id":"https:\/\/www.acupuntura-legorburu.com\/ca\/together-in-medicine-integrative\/#breadcrumb","itemListElement":[{"@type":"ListItem","position":1,"name":"Portada","item":"https:\/\/www.acupuntura-legorburu.com\/ca\/"},{"@type":"ListItem","position":2,"name":"Together in medicine integrative"}]},{"@type":"WebSite","@id":"https:\/\/www.acupuntura-legorburu.com\/#website","url":"https:\/\/www.acupuntura-legorburu.com\/","name":"","description":"","potentialAction":[{"@type":"SearchAction","target":{"@type":"EntryPoint","urlTemplate":"https:\/\/www.acupuntura-legorburu.com\/?s={search_term_string}"},"query-input":{"@type":"PropertyValueSpecification","valueRequired":true,"valueName":"search_term_string"}}],"inLanguage":"ca"},{"@type":"Person","@id":"https:\/\/www.acupuntura-legorburu.com\/#\/schema\/person\/db67d90abebf1b218e3e1cd91b930eb0","name":"Margarita","url":"https:\/\/www.acupuntura-legorburu.com\/ca\/author\/margarita\/"}]}},"_links":{"self":[{"href":"https:\/\/www.acupuntura-legorburu.com\/ca\/wp-json\/wp\/v2\/posts\/10154","targetHints":{"allow":["GET"]}}],"collection":[{"href":"https:\/\/www.acupuntura-legorburu.com\/ca\/wp-json\/wp\/v2\/posts"}],"about":[{"href":"https:\/\/www.acupuntura-legorburu.com\/ca\/wp-json\/wp\/v2\/types\/post"}],"author":[{"embeddable":true,"href":"https:\/\/www.acupuntura-legorburu.com\/ca\/wp-json\/wp\/v2\/users\/1"}],"replies":[{"embeddable":true,"href":"https:\/\/www.acupuntura-legorburu.com\/ca\/wp-json\/wp\/v2\/comments?post=10154"}],"version-history":[{"count":7,"href":"https:\/\/www.acupuntura-legorburu.com\/ca\/wp-json\/wp\/v2\/posts\/10154\/revisions"}],"predecessor-version":[{"id":10168,"href":"https:\/\/www.acupuntura-legorburu.com\/ca\/wp-json\/wp\/v2\/posts\/10154\/revisions\/10168"}],"wp:featuredmedia":[{"embeddable":true,"href":"https:\/\/www.acupuntura-legorburu.com\/ca\/wp-json\/wp\/v2\/media\/10136"}],"wp:attachment":[{"href":"https:\/\/www.acupuntura-legorburu.com\/ca\/wp-json\/wp\/v2\/media?parent=10154"}],"wp:term":[{"taxonomy":"category","embeddable":true,"href":"https:\/\/www.acupuntura-legorburu.com\/ca\/wp-json\/wp\/v2\/categories?post=10154"},{"taxonomy":"post_tag","embeddable":true,"href":"https:\/\/www.acupuntura-legorburu.com\/ca\/wp-json\/wp\/v2\/tags?post=10154"}],"curies":[{"name":"wp","href":"https:\/\/api.w.org\/{rel}","templated":true}]}}